{"id":128242,"date":"2026-01-07T11:09:04","date_gmt":"2026-01-07T11:09:04","guid":{"rendered":"https:\/\/www.europesays.com\/se\/128242\/"},"modified":"2026-01-07T11:09:04","modified_gmt":"2026-01-07T11:09:04","slug":"2-filmbolag-samarbetar-vill-ge-kvinnor-mer-fokus-under-2026","status":"publish","type":"post","link":"https:\/\/www.europesays.com\/se\/128242\/","title":{"rendered":"2 filmbolag samarbetar &#8211; vill ge kvinnor mer fokus under 2026"},"content":{"rendered":"<p>Trots f\u00f6rs\u00f6k till likst\u00e4llda f\u00f6rh\u00e5llanden \u00e4r det l\u00e4tt att kvinnor bortprioriteras eller p\u00e5 olika s\u00e4tt nedv\u00e4rderas inom kulturv\u00e4rlden. Nu har emellertid tv\u00e5 filmbolag, Horizon Line Entertainment och March On Productions, tagit till medel f\u00f6r att motverka trenden.<\/p>\n<p><a href=\"https:\/\/deadline.com\/2026\/01\/stana-katic-elisha-cuthbert-denise-richards-new-film-slate-1236661908\/?fbclid=IwZXh0bgNhZW0CMTAAYnJpZBExeWVKajZxNHdIdjVubzFDenNydGMGYXBwX2lkEDIyMjAzOTE3ODgyMDA4OTIAAR5pK8uiEOkecQJW4jXWdJLPpoY0tWZBsxPka-vCzg5baFFgIQamvqG7_TUXMQ_aem_ihKFPv-TBp0yfoY8G9tpLg\" rel=\"nofollow noopener\" target=\"_blank\">Deadline<\/a> rapporterar att de i \u00e5tta filmer under kommande \u00e5ret \u00e4mnar skildra starka kvinnor.<\/p>\n<p>\u201dDet kommer att sl\u00e4ppas thrillers, ber\u00e4ttelser om kvinnor i fara och med tillh\u00f6rande teman, samt ett fokus p\u00e5 kvinnliga filmskapare\u201d, s\u00e4ger filmbolagens partners. <\/p>\n<p>Lara Daans <strong>\u201dGreatest Actress in the World\u201d<\/strong>, med \u201dAmerican Beauty\u201d-sk\u00e5despelerskan\u00a0Mena Suvari, \u00e4r en av planerade titlarna. \u00c4ven<strong>\u201dSilent Night Fall\u201d <\/strong>av Danny Friedman, <strong>\u201dNo Free Lunch\u201d<\/strong>, <strong>\u201dSatisfaction\u201d<\/strong>, <strong>\u201dThe Trout Fisher\u201d<\/strong>, <strong>\u201dCat On Hot Tin Roof\u201d <\/strong>och <strong>\u201dKey To Freedom\u201d <\/strong>av Damian Lee \u00e4r n\u00e5gra av de filmer som \u00e4r planerade att g\u00e5 upp i \u00e5r och p\u00e5 olika s\u00e4tt vill belysa kvinnlig styrka och frig\u00f6relse.<\/p>\n<p>Inspelningen f\u00f6r vissa av dessa titlar \u00e4r f\u00e4rdiga, medan den f\u00f6r flera \u00f6vriga sker i Hamilton, Ontario. N\u00e5gra svenskt premi\u00e4rdatum finns \u00e4n s\u00e5 l\u00e4nge inte. Men initiativet \u00e4r f\u00f6rst\u00e5s gott!<\/p>\n<p>L\u00e4s ocks\u00e5: <a href=\"https:\/\/www.moviezine.se\/nyheter\/fjallbackamorden-x6-streamar-nu-gratis-hos-svt-play\" title=\"\u201dFj\u00e4llbackamorden\u201d x6 streamar nu gratis hos SVT Play!\" class=\"underline-custom !font-montserrat !font-bold !underline-offset-4 !decoration-4 !decoration-moviezine-green !text-md\" rel=\"nofollow noopener\" target=\"_blank\">\u201dFj\u00e4llbackamorden\u201d x6 streamar nu gratis hos SVT Play!<\/a><\/p>\n<p>L\u00e4s ocks\u00e5: <a href=\"https:\/\/www.moviezine.se\/nyheter\/21-nya-filmer-har-precis-slappts-hos-svt-play-har-ar-3-guldkorn-fran-senaste-aren\" title=\"21 nya filmer hos SVT Play idag \u2013 h\u00e4r \u00e4r 3 guldkorn fr\u00e5n senaste \u00e5ren\" class=\"underline-custom !font-montserrat !font-bold !underline-offset-4 !decoration-4 !decoration-moviezine-green !text-md\" rel=\"nofollow noopener\" target=\"_blank\">21 nya filmer hos SVT Play idag \u2013 h\u00e4r \u00e4r 3 guldkorn fr\u00e5n senaste \u00e5ren<\/a><\/p>\n","protected":false},"excerpt":{"rendered":"Trots f\u00f6rs\u00f6k till likst\u00e4llda f\u00f6rh\u00e5llanden \u00e4r det l\u00e4tt att kvinnor bortprioriteras eller p\u00e5 olika s\u00e4tt nedv\u00e4rderas inom kulturv\u00e4rlden.&hellip;\n","protected":false},"author":2,"featured_media":128243,"comment_status":"","ping_status":"","sticky":false,"template":"","format":"standard","meta":{"footnotes":""},"categories":[67],"tags":[2118,104,2394,34,31,33,32,30,105],"class_list":{"0":"post-128242","1":"post","2":"type-post","3":"status-publish","4":"format-standard","5":"has-post-thumbnail","7":"category-underhallning","8":"tag-bakom-kulisserna","9":"tag-entertainment","10":"tag-kandisar","11":"tag-se","12":"tag-svenska","13":"tag-sverige","14":"tag-sweden","15":"tag-swedish","16":"tag-underhallning"},"share_on_mastodon":{"url":"https:\/\/pubeurope.com\/@se\/115853509476899655","error":""},"_links":{"self":[{"href":"https:\/\/www.europesays.com\/se\/wp-json\/wp\/v2\/posts\/128242","targetHints":{"allow":["GET"]}}],"collection":[{"href":"https:\/\/www.europesays.com\/se\/wp-json\/wp\/v2\/posts"}],"about":[{"href":"https:\/\/www.europesays.com\/se\/wp-json\/wp\/v2\/types\/post"}],"author":[{"embeddable":true,"href":"https:\/\/www.europesays.com\/se\/wp-json\/wp\/v2\/users\/2"}],"replies":[{"embeddable":true,"href":"https:\/\/www.europesays.com\/se\/wp-json\/wp\/v2\/comments?post=128242"}],"version-history":[{"count":0,"href":"https:\/\/www.europesays.com\/se\/wp-json\/wp\/v2\/posts\/128242\/revisions"}],"wp:featuredmedia":[{"embeddable":true,"href":"https:\/\/www.europesays.com\/se\/wp-json\/wp\/v2\/media\/128243"}],"wp:attachment":[{"href":"https:\/\/www.europesays.com\/se\/wp-json\/wp\/v2\/media?parent=128242"}],"wp:term":[{"taxonomy":"category","embeddable":true,"href":"https:\/\/www.europesays.com\/se\/wp-json\/wp\/v2\/categories?post=128242"},{"taxonomy":"post_tag","embeddable":true,"href":"https:\/\/www.europesays.com\/se\/wp-json\/wp\/v2\/tags?post=128242"}],"curies":[{"name":"wp","href":"https:\/\/api.w.org\/{rel}","templated":true}]}}