{"id":128313,"date":"2026-01-07T12:07:08","date_gmt":"2026-01-07T12:07:08","guid":{"rendered":"https:\/\/www.europesays.com\/se\/128313\/"},"modified":"2026-01-07T12:07:08","modified_gmt":"2026-01-07T12:07:08","slug":"ces-2026-razer-visar-upp-ett-nytt-par-experimentella-ai-horlurar-med-inbyggda-kameror","status":"publish","type":"post","link":"https:\/\/www.europesays.com\/se\/128313\/","title":{"rendered":"CES 2026: Razer visar upp ett nytt par experimentella AI-h\u00f6rlurar med inbyggda kameror"},"content":{"rendered":"<p>Vi f\u00e5r alltid se lite knasiga och experimentella nya prylar p\u00e5 CES-m\u00e4ssan, och Razers nya <a href=\"https:\/\/idg.digidip.net\/visit?url=https:\/\/www.razer.com\/eu-en\/concepts\/project-motoko&amp;currurl=https:\/\/www.m3.se\/article\/3025550\/ces-2026-razer-visar-upp-ett-nytt-par-experimentella-ai-horlurar-med-inbyggda-kameror.html&amp;ref=9-1-3025550-1-0-0-0-0\" target=\"_blank\" rel=\"nofollow noopener\" data-subtag=\"9-1-3025550-1-0-0-0-0\" data-domain-name=\"razer\">Project Motoko-h\u00f6rlurar<\/a> h\u00f6r nog till den kategorin. Project Motoko \u00e4r Razers vision f\u00f6r b\u00e4rbara AI-enheter, och \u00e4r helt enkelt ett par h\u00f6rlurar med inbyggda mikrofoner och en kamera placerad i \u00f6gonh\u00f6jd p\u00e5 vardera h\u00f6rselk\u00e5pa.<\/p>\n<p><strong>L\u00e4s \u00e4ven:\u00a0<a href=\"https:\/\/www.m3.se\/article\/3025475\/ces-2026-razer-visar-upp-holografisk-ai-assistent-for-skrivbordet.html\" rel=\"nofollow noopener\" target=\"_blank\">Razer visar upp holografisk AI-assistent f\u00f6r skrivbordet<\/a><\/strong><\/p>\n<p><img decoding=\"async\" data-wp-class--hide=\"state.isContentHidden\" data-wp-class--show=\"state.isContentVisible\" data-wp-init=\"callbacks.setButtonStyles\" data-wp-on-async--click=\"actions.showLightbox\" data-wp-on-async--load=\"callbacks.setButtonStyles\" data-wp-on-async-window--resize=\"callbacks.setButtonStyles\" src=\"https:\/\/www.europesays.com\/se\/wp-content\/uploads\/2026\/01\/Razer_Motoko_KV-1255x706-1.webp.jpeg\" alt=\"Razer Project Motoko\" class=\"wp-image-3025552\"  width=\"1024\" height=\"614\"  loading=\"lazy\"\/><\/p>\n<p class=\"imageCredit\">Razer<\/p>\n<p>Project Motoko drivs av ett Snapdragon-chipp och ska ha st\u00f6d f\u00f6r en l\u00e5ng rad AI-assistenter, bland annat Chat GPT, Gemini och Grok. Tanken \u00e4r att din valda AI-assistent ska dela ditt synf\u00e4lt och att du ska kunna be den om hj\u00e4lp med det du tittar p\u00e5.<\/p>\n<p>N\u00e5gra exempel Razer lyfter \u00e4r bland annat att du ska kunna be AI:n sammanfatta ett uppslag i en bok du h\u00e5ller upp, v\u00e4lja ut r\u00e4tt verktyg f\u00f6r en uppgift, f\u00f6resl\u00e5 en m\u00e5ltid baserad p\u00e5 ingredienserna framf\u00f6r dig, eller hj\u00e4lpa dig komma ih\u00e5g vem du pratar med.<\/p>\n<p><img decoding=\"async\" data-wp-class--hide=\"state.isContentHidden\" data-wp-class--show=\"state.isContentVisible\" data-wp-init=\"callbacks.setButtonStyles\" data-wp-on-async--click=\"actions.showLightbox\" data-wp-on-async--load=\"callbacks.setButtonStyles\" data-wp-on-async-window--resize=\"callbacks.setButtonStyles\" src=\"https:\/\/www.europesays.com\/se\/wp-content\/uploads\/2026\/01\/razer-project-motoko-microphones-desktop.webp.jpeg\" alt=\"Razer Project Motoko\" class=\"wp-image-3025554\"  width=\"1200\" height=\"438\"  loading=\"lazy\"\/><\/p>\n<p class=\"imageCredit\">Razer<\/p>\n<p>Project Motoko ska \u00e4ven fungera f\u00f6r streaming, h\u00f6rlurarna ska kunna ge dina tittare en f\u00f6rstapersonsvy \u00f6ver det du g\u00f6r. Det skulle till exempel kunna vara anv\u00e4ndbart om du streamar matlagning eller n\u00e5got liknande.<\/p>\n","protected":false},"excerpt":{"rendered":"Vi f\u00e5r alltid se lite knasiga och experimentella nya prylar p\u00e5 CES-m\u00e4ssan, och Razers nya Project Motoko-h\u00f6rlurar h\u00f6r&hellip;\n","protected":false},"author":2,"featured_media":128314,"comment_status":"","ping_status":"","sticky":false,"template":"","format":"standard","meta":{"footnotes":""},"categories":[66],"tags":[80,78,79,34,31,33,32,30,81,84,83,82],"class_list":{"0":"post-128313","1":"post","2":"type-post","3":"status-publish","4":"format-standard","5":"has-post-thumbnail","7":"category-vetenskap-och-teknik","8":"tag-science","9":"tag-science-and-technology","10":"tag-scienceandtechnology","11":"tag-se","12":"tag-svenska","13":"tag-sverige","14":"tag-sweden","15":"tag-swedish","16":"tag-technology","17":"tag-teknik","18":"tag-vetenskap","19":"tag-vetenskapteknik"},"share_on_mastodon":{"url":"https:\/\/pubeurope.com\/@se\/115853737552340375","error":""},"_links":{"self":[{"href":"https:\/\/www.europesays.com\/se\/wp-json\/wp\/v2\/posts\/128313","targetHints":{"allow":["GET"]}}],"collection":[{"href":"https:\/\/www.europesays.com\/se\/wp-json\/wp\/v2\/posts"}],"about":[{"href":"https:\/\/www.europesays.com\/se\/wp-json\/wp\/v2\/types\/post"}],"author":[{"embeddable":true,"href":"https:\/\/www.europesays.com\/se\/wp-json\/wp\/v2\/users\/2"}],"replies":[{"embeddable":true,"href":"https:\/\/www.europesays.com\/se\/wp-json\/wp\/v2\/comments?post=128313"}],"version-history":[{"count":0,"href":"https:\/\/www.europesays.com\/se\/wp-json\/wp\/v2\/posts\/128313\/revisions"}],"wp:featuredmedia":[{"embeddable":true,"href":"https:\/\/www.europesays.com\/se\/wp-json\/wp\/v2\/media\/128314"}],"wp:attachment":[{"href":"https:\/\/www.europesays.com\/se\/wp-json\/wp\/v2\/media?parent=128313"}],"wp:term":[{"taxonomy":"category","embeddable":true,"href":"https:\/\/www.europesays.com\/se\/wp-json\/wp\/v2\/categories?post=128313"},{"taxonomy":"post_tag","embeddable":true,"href":"https:\/\/www.europesays.com\/se\/wp-json\/wp\/v2\/tags?post=128313"}],"curies":[{"name":"wp","href":"https:\/\/api.w.org\/{rel}","templated":true}]}}