{"id":128344,"date":"2026-01-07T12:29:13","date_gmt":"2026-01-07T12:29:13","guid":{"rendered":"https:\/\/www.europesays.com\/se\/128344\/"},"modified":"2026-01-07T12:29:13","modified_gmt":"2026-01-07T12:29:13","slug":"mardrom-for-jacob-markstrom-det-ar-fornedrande-nhl","status":"publish","type":"post","link":"https:\/\/www.europesays.com\/se\/128344\/","title":{"rendered":"Mardr\u00f6m f\u00f6r Jacob Markstr\u00f6m: \u201dDet \u00e4r f\u00f6rnedrande\u201d | NHL"},"content":{"rendered":"<p>Publicerad 7 jan 2026 kl 06.21Uppdaterad kl 11.16<\/p>\n<p>LOS ANGELES. Nio insl\u00e4ppta m\u00e5l p\u00e5 24 skott.<\/p>\n<p>Tre Kronors OS-m\u00e5lvakt, Jacob Markstr\u00f6m, hade en mardr\u00f6mskv\u00e4ll i NHL n\u00e4r New Jersey Devils g\u00e4stade New York Islanders.<\/p>\n<p>Hemmalaget vann med 9-0.<\/p>\n<p>Trots att Devils vann skotten med 44-24.<\/p>\n<p>Den heta fr\u00e5gan \u00e4r \u2013 varf\u00f6r bytte inte coachen Sheldon Keefe ut den 35-\u00e5rige svensken n\u00e4r laget svek honom.<\/p>\n<p><img   alt=\"\"\/> <\/p>\n<p>Foto: FRANK FRANKLIN II \/ AP TT NYHETSBYR\u00c5N<\/p>\n<p>\u00d6ppna bild i helsk\u00e4rm<img loading=\"lazy\"   alt=\"\"\/> <\/p>\n<p>Foto: Karin T\u00f6rnblom \/ IBL<\/p>\n<p>\u00d6ppna bild i helsk\u00e4rm<\/p>\n<p>\u2013 Min insats \u00e4r inte godk\u00e4nd. Jag m\u00e5ste vara b\u00e4ttre, det \u00e4r f\u00f6rnedrande och vi m\u00e5ste be v\u00e5ra fans om urs\u00e4kt, kommenterade en sj\u00e4lvkritisk <a href=\"https:\/\/www.expressen.se\/tagg\/person\/jacob-markstrom\/\" class=\"\" rel=\"nofollow noopener\" target=\"_blank\">Jacob Markstr\u00f6m<\/a> efter\u00e5t.<\/p>\n<p>Han pekade p\u00e5 Islanders \u00e5ttonde m\u00e5l som ett exempel:<\/p>\n<p>\u2013 Det \u00e4r ett sk\u00e4mt. Jag m\u00e5ste sk\u00e4ra av vinkeln b\u00e4ttre d\u00e4r.<\/p>\n<p>Markstr\u00f6m har haft en tuff s\u00e4song i New Jersey och ligger f\u00f6r dagen p\u00e5 53:e plats i m\u00e5lvaktsligan.<\/p>\n<p>Laget saknar skadade centerstj\u00e4rnan Jack Hughes och har sv\u00e5rt att g\u00f6ra m\u00e5l. Det h\u00e4r var femte g\u00e5ngen den h\u00e4r s\u00e4songen som man l\u00e4mnat isen utan att ha gjort ett enda m\u00e5l.<\/p>\n<p>Jacob Markstr\u00f6m \u00e4r tillsammans med Minnesotaduon Filip Gustavsson och Jesper Wallstedt den m\u00e5lvaktstrio, som ska ge Sverige framg\u00e5ng i OS om en dryg m\u00e5nad.<\/p>\n<p>F\u00f6rsta m\u00e5let efter en minut<\/p>\n<p>Det b\u00f6rjade illa tidigt f\u00f6r Devils i nattens match i UBS Arena p\u00e5 Longs Island.<\/p>\n<p>Redan efter 1.08 gjorde Mathew Barzal 1-0. Innan den f\u00f6rsta perioden var \u00f6ver hade Islanders skaffat sig en 3-0-ledning efter tv\u00e5 m\u00e5l av Anthony Duclair.<\/p>\n<p>Samme Duclair fullbordade sitt hattrick tidigt i den andra perioden och hade en helkv\u00e4ll inf\u00f6r hemmafansen. F\u00f6rutom sina tre m\u00e5l antecknades han f\u00f6r tv\u00e5 assist och var +6.<\/p>\n<p>Simon Holmstr\u00f6m ut\u00f6kade Islanders ledning till 5-0 i mitten av den andra perioden med sitt 9:e m\u00e5l i vinter n\u00e4r han snodde pucken innan Markstr\u00f6m hade lagt plockhandsken p\u00e5 den.<\/p>\n<p>Holmstr\u00f6m lyckades sedan lirka in den vid den h\u00f6gra stolpen samtidigt som han blev tacklad.<\/p>\n<p>Tr\u00e4naren positiv: \u201dGodk\u00e4nd\u201d<\/p>\n<p>Att Devilscoachen Sheldon Keefe inte valde att vila Jacob Markstr\u00f6m efter det bakl\u00e4ngesm\u00e5let och ers\u00e4tta honom med Jake Allen \u00e4r en g\u00e5ta.<\/p>\n<p>Tr\u00e4narna i NHL brukar f\u00f6rs\u00f6ka skydda sina m\u00e5lvakter fr\u00e5n f\u00f6rnedring n\u00e4r laget har en d\u00e5lig kv\u00e4ll och bakl\u00e4ngesm\u00e5len rasar in.<\/p>\n<p>\u2013 Jag gillar inte det d\u00e4r alls. Som tr\u00e4nare m\u00e5ste du se till att skydda dina m\u00e5lvakter, s\u00e4ger Henrik Lundqvist i den nordamerikanska tv-s\u00e4ndningen.<\/p>\n<p>Keefe s\u00e5g trots storf\u00f6rlusten n\u00e5gra ljusglimtar i Devils.<\/p>\n<p>\u2013 Underligt nog tycker jag att vi skapade bra med chanser, s\u00e5 trots att det inte blev n\u00e5gra m\u00e5l var v\u00e5r offensiv godk\u00e4nd.<\/p>\n<p>Med nattens storf\u00f6rlust \u00e4r New Jersey nu tre po\u00e4ng fr\u00e5n en plats ovan strecket i Eastern conference.<\/p>\n<p>New York Islanders parkerar p\u00e5 andra plats i tabellen f\u00f6r Metropolitan-divisionen.<\/p>\n<p>M\u00e5lvakten Ilja Sorokin gjorde comeback efter sin skada och r\u00e4ddade 24 skott.<\/p>\n","protected":false},"excerpt":{"rendered":"Publicerad 7 jan 2026 kl 06.21Uppdaterad kl 11.16 LOS ANGELES. Nio insl\u00e4ppta m\u00e5l p\u00e5 24 skott. Tre Kronors&hellip;\n","protected":false},"author":2,"featured_media":128345,"comment_status":"","ping_status":"","sticky":false,"template":"","format":"standard","meta":{"footnotes":""},"categories":[68],"tags":[6335,34,255,256,111,110,31,33,32,30],"class_list":{"0":"post-128344","1":"post","2":"type-post","3":"status-publish","4":"format-standard","5":"has-post-thumbnail","7":"category-sport","8":"tag-person-jacob-markstrom","9":"tag-se","10":"tag-sections-ishockey","11":"tag-sections-nhl","12":"tag-sport","13":"tag-sports","14":"tag-svenska","15":"tag-sverige","16":"tag-sweden","17":"tag-swedish"},"share_on_mastodon":{"url":"https:\/\/pubeurope.com\/@se\/115853824202143507","error":""},"_links":{"self":[{"href":"https:\/\/www.europesays.com\/se\/wp-json\/wp\/v2\/posts\/128344","targetHints":{"allow":["GET"]}}],"collection":[{"href":"https:\/\/www.europesays.com\/se\/wp-json\/wp\/v2\/posts"}],"about":[{"href":"https:\/\/www.europesays.com\/se\/wp-json\/wp\/v2\/types\/post"}],"author":[{"embeddable":true,"href":"https:\/\/www.europesays.com\/se\/wp-json\/wp\/v2\/users\/2"}],"replies":[{"embeddable":true,"href":"https:\/\/www.europesays.com\/se\/wp-json\/wp\/v2\/comments?post=128344"}],"version-history":[{"count":0,"href":"https:\/\/www.europesays.com\/se\/wp-json\/wp\/v2\/posts\/128344\/revisions"}],"wp:featuredmedia":[{"embeddable":true,"href":"https:\/\/www.europesays.com\/se\/wp-json\/wp\/v2\/media\/128345"}],"wp:attachment":[{"href":"https:\/\/www.europesays.com\/se\/wp-json\/wp\/v2\/media?parent=128344"}],"wp:term":[{"taxonomy":"category","embeddable":true,"href":"https:\/\/www.europesays.com\/se\/wp-json\/wp\/v2\/categories?post=128344"},{"taxonomy":"post_tag","embeddable":true,"href":"https:\/\/www.europesays.com\/se\/wp-json\/wp\/v2\/tags?post=128344"}],"curies":[{"name":"wp","href":"https:\/\/api.w.org\/{rel}","templated":true}]}}