{"id":128389,"date":"2026-01-07T13:03:06","date_gmt":"2026-01-07T13:03:06","guid":{"rendered":"https:\/\/www.europesays.com\/se\/128389\/"},"modified":"2026-01-07T13:03:06","modified_gmt":"2026-01-07T13:03:06","slug":"smidigare-sakerhetsfixar-pa-gang-for-apples-operativsystem","status":"publish","type":"post","link":"https:\/\/www.europesays.com\/se\/128389\/","title":{"rendered":"Smidigare s\u00e4kerhetsfixar p\u00e5 g\u00e5ng f\u00f6r Apples operativsystem"},"content":{"rendered":"<p>F\u00f6r ett tag sedan valde Apple att ers\u00e4tta Rapid Security Response med Background Security Improvements, detta d\u00e5 den gamla l\u00f6sningen inte ans\u00e5gs h\u00e5lla m\u00e5ttet.<\/p>\n<p>Nu st\u00e5r det klart att vi f\u00e5r se f\u00f6rb\u00e4ttringar av \u201dF\u00f6rb\u00e4ttringar av s\u00e4kerhet i bakgrunden\u201d (som det officiellt kallas p\u00e5 svenska) i de kommande uppdateringarna Mac OS Tahoe 26.3 och IOS 26.3.<\/p>\n<p>Trots de utlovade f\u00f6rb\u00e4ttringarna varnar emellertid Apple f\u00f6r att det fortfarande kan uppst\u00e5 kompatibilitetsproblem, rapporterar <a href=\"https:\/\/idg.digidip.net\/visit?url=https:\/\/www.macrumors.com\/2026\/01\/06\/background-security-update-ios-26-3\/&amp;currurl=https:\/\/www.macworld.se\/article\/3025599\/smidigare-sakerhetsfixar-pa-gang-for-apples-operativsystem.html&amp;ref=7-1-3025599-1-0-0-0-0\" data-type=\"link\" data-id=\"https:\/\/www.macrumors.com\/2026\/01\/06\/background-security-update-ios-26-3\/\" rel=\"nofollow noopener\" data-subtag=\"7-1-3025599-1-0-0-0-0\" data-domain-name=\"macrumors\" target=\"_blank\">Macrumors<\/a>.<\/p>\n<p>Anv\u00e4ndare som inte vill installera s\u00e4kerhetsfixar automatiskt i bakgrunden kan st\u00e4nga av funktionen i inst\u00e4llningarna. D\u00e5 dyker de i st\u00e4llet upp i de vanliga uppdateringarna, det vill s\u00e4ga 26.4 och s\u00e5 vidare.<\/p>\n","protected":false},"excerpt":{"rendered":"F\u00f6r ett tag sedan valde Apple att ers\u00e4tta Rapid Security Response med Background Security Improvements, detta d\u00e5 den&hellip;\n","protected":false},"author":2,"featured_media":128390,"comment_status":"","ping_status":"","sticky":false,"template":"","format":"standard","meta":{"footnotes":""},"categories":[66],"tags":[80,78,79,34,31,33,32,30,81,84,83,82],"class_list":{"0":"post-128389","1":"post","2":"type-post","3":"status-publish","4":"format-standard","5":"has-post-thumbnail","7":"category-vetenskap-och-teknik","8":"tag-science","9":"tag-science-and-technology","10":"tag-scienceandtechnology","11":"tag-se","12":"tag-svenska","13":"tag-sverige","14":"tag-sweden","15":"tag-swedish","16":"tag-technology","17":"tag-teknik","18":"tag-vetenskap","19":"tag-vetenskapteknik"},"share_on_mastodon":{"url":"https:\/\/pubeurope.com\/@se\/115853957781496658","error":""},"_links":{"self":[{"href":"https:\/\/www.europesays.com\/se\/wp-json\/wp\/v2\/posts\/128389","targetHints":{"allow":["GET"]}}],"collection":[{"href":"https:\/\/www.europesays.com\/se\/wp-json\/wp\/v2\/posts"}],"about":[{"href":"https:\/\/www.europesays.com\/se\/wp-json\/wp\/v2\/types\/post"}],"author":[{"embeddable":true,"href":"https:\/\/www.europesays.com\/se\/wp-json\/wp\/v2\/users\/2"}],"replies":[{"embeddable":true,"href":"https:\/\/www.europesays.com\/se\/wp-json\/wp\/v2\/comments?post=128389"}],"version-history":[{"count":0,"href":"https:\/\/www.europesays.com\/se\/wp-json\/wp\/v2\/posts\/128389\/revisions"}],"wp:featuredmedia":[{"embeddable":true,"href":"https:\/\/www.europesays.com\/se\/wp-json\/wp\/v2\/media\/128390"}],"wp:attachment":[{"href":"https:\/\/www.europesays.com\/se\/wp-json\/wp\/v2\/media?parent=128389"}],"wp:term":[{"taxonomy":"category","embeddable":true,"href":"https:\/\/www.europesays.com\/se\/wp-json\/wp\/v2\/categories?post=128389"},{"taxonomy":"post_tag","embeddable":true,"href":"https:\/\/www.europesays.com\/se\/wp-json\/wp\/v2\/tags?post=128389"}],"curies":[{"name":"wp","href":"https:\/\/api.w.org\/{rel}","templated":true}]}}