{"id":128391,"date":"2026-01-07T13:04:10","date_gmt":"2026-01-07T13:04:10","guid":{"rendered":"https:\/\/www.europesays.com\/se\/128391\/"},"modified":"2026-01-07T13:04:10","modified_gmt":"2026-01-07T13:04:10","slug":"fortsatt-flygkaos-over-hela-europa-vi-ar-utmattade","status":"publish","type":"post","link":"https:\/\/www.europesays.com\/se\/128391\/","title":{"rendered":"Fortsatt flygkaos \u00f6ver hela Europa: \u201dVi \u00e4r utmattade\u201d"},"content":{"rendered":"<p>Sn\u00f6ov\u00e4dret i Europa forts\u00e4tter att st\u00e4lla till stora problem i flygtrafiken. P\u00e5 Schiphol i Amsterdam tvingades \u00f6ver tusen resen\u00e4rer \u00f6vernatta till f\u00f6ljd av inst\u00e4llda flyg. T\u00e4lts\u00e4ngar ordnades och personerna erbj\u00f6ds frukost.<\/p>\n<p>\u00c4ven i Paris \u00e4r m\u00e5nga resen\u00e4rer strandade. Tv\u00e5 av dem \u00e4r det kanadensiska paret Jacquie och John McGurran som i m\u00e5ndags morse trodde att de skulle ta planet fr\u00e5n Toronto till Amsterdam. D\u00e4r skulle de byta plan till semesterm\u00e5let Malta.<\/p>\n<p>Men flyget till Amsterdam var inst\u00e4llt s\u00e5 paret bokades om till Ottawa f\u00f6r vidare resa till Paris. P\u00e5 onsdagen \u00e4r de fortfarande kvar i den franska huvudstaden, efter m\u00e5nga timmar i telefonk\u00f6er och fler ombokningar.<\/p>\n<p>\u2013 Och d\u00e5 skulle man kunna tro att vi skulle komma till Malta \u00e4ntligen, men tror du inte det \u00e4r sn\u00f6storm i Paris, skojar Jacquie McGurran till TT.<\/p>\n<p>Omni \u00e4r politiskt obundna och oberoende. Vi str\u00e4var efter att ge fler perspektiv p\u00e5 nyheterna. Har du fr\u00e5gor eller synpunkter kring v\u00e5r rapportering? <a href=\"https:\/\/omni.se\/fortsatt-flygkaos-over-hela-europa-vi-ar-utmattade\/a\/mailto:redaktion@omni.se\" class=\"ArticleActions_contactLink__W2F1M\" rel=\"nofollow noopener\" target=\"_blank\">Kontakta redaktionen<\/a><\/p>\n","protected":false},"excerpt":{"rendered":"Sn\u00f6ov\u00e4dret i Europa forts\u00e4tter att st\u00e4lla till stora problem i flygtrafiken. P\u00e5 Schiphol i Amsterdam tvingades \u00f6ver tusen&hellip;\n","protected":false},"author":2,"featured_media":128392,"comment_status":"","ping_status":"","sticky":false,"template":"","format":"standard","meta":{"footnotes":""},"categories":[65],"tags":[72,70,71,267,266,1629,34,31,33,32,30],"class_list":{"0":"post-128391","1":"post","2":"type-post","3":"status-publish","4":"format-standard","5":"has-post-thumbnail","7":"category-ekonomi","8":"tag-business","9":"tag-economy","10":"tag-ekonomi","11":"tag-europa","12":"tag-frankrike","13":"tag-nederlanderna","14":"tag-se","15":"tag-svenska","16":"tag-sverige","17":"tag-sweden","18":"tag-swedish"},"share_on_mastodon":{"url":"https:\/\/pubeurope.com\/@se\/115853961607116733","error":""},"_links":{"self":[{"href":"https:\/\/www.europesays.com\/se\/wp-json\/wp\/v2\/posts\/128391","targetHints":{"allow":["GET"]}}],"collection":[{"href":"https:\/\/www.europesays.com\/se\/wp-json\/wp\/v2\/posts"}],"about":[{"href":"https:\/\/www.europesays.com\/se\/wp-json\/wp\/v2\/types\/post"}],"author":[{"embeddable":true,"href":"https:\/\/www.europesays.com\/se\/wp-json\/wp\/v2\/users\/2"}],"replies":[{"embeddable":true,"href":"https:\/\/www.europesays.com\/se\/wp-json\/wp\/v2\/comments?post=128391"}],"version-history":[{"count":0,"href":"https:\/\/www.europesays.com\/se\/wp-json\/wp\/v2\/posts\/128391\/revisions"}],"wp:featuredmedia":[{"embeddable":true,"href":"https:\/\/www.europesays.com\/se\/wp-json\/wp\/v2\/media\/128392"}],"wp:attachment":[{"href":"https:\/\/www.europesays.com\/se\/wp-json\/wp\/v2\/media?parent=128391"}],"wp:term":[{"taxonomy":"category","embeddable":true,"href":"https:\/\/www.europesays.com\/se\/wp-json\/wp\/v2\/categories?post=128391"},{"taxonomy":"post_tag","embeddable":true,"href":"https:\/\/www.europesays.com\/se\/wp-json\/wp\/v2\/tags?post=128391"}],"curies":[{"name":"wp","href":"https:\/\/api.w.org\/{rel}","templated":true}]}}