{"id":128407,"date":"2026-01-07T13:13:27","date_gmt":"2026-01-07T13:13:27","guid":{"rendered":"https:\/\/www.europesays.com\/se\/128407\/"},"modified":"2026-01-07T13:13:27","modified_gmt":"2026-01-07T13:13:27","slug":"usa-bordar-oljetanker-kopplad-till-venezuela","status":"publish","type":"post","link":"https:\/\/www.europesays.com\/se\/128407\/","title":{"rendered":"USA bordar oljetanker kopplad till Venezuela"},"content":{"rendered":"<p>USA:s milit\u00e4r och kustbevakning har inlett en bordning av oljetankern Marinera, uppger tv\u00e5 anonyma tj\u00e4nstem\u00e4n f\u00f6r nyhetsbyr\u00e5n Reuters. Tilltaget antas sp\u00e4 p\u00e5 sp\u00e4nningarna med Ryssland, som uppges befinna sig i n\u00e4rheten med flera fartyg.<\/p>\n<p>Tidigare uppgav en k\u00e4lla f\u00f6r The Wall Street Journal att Ryssland skickat en ub\u00e5t f\u00f6r att eskortera oljetankern, som tidigare g\u00e5tt under namnet Bella 1. Fartyget uppges ha f\u00e4rdats mot Venezuela i syfte att lastas med olja n\u00e4r USA:s milit\u00e4r och kustbevakning b\u00f6rjade f\u00f6rf\u00f6lja det.<\/p>\n<p>D\u00e4refter f\u00f6ljde den amerikanska kustbevakningen den tomma tankern n\u00e4r den v\u00e4nde tillbaka ut i Atlanten. Jakten \u00e4r ett led i f\u00f6rs\u00f6ken att sl\u00e5 ner p\u00e5 den s\u00e5 kallade \u201dskuggflottan\u201d \u2013 tankfartyg som transporterar illegal olja, bland annat olja som Ryssland bed\u00f6ms s\u00e4ljas p\u00e5 svarta marknaden.<\/p>\n<p>I december, i samband med USA:s jakt, uppges bes\u00e4ttningen ha m\u00e5lat en rysk flagga p\u00e5 sidan av skeppet, bytt namn p\u00e5 det och registrerat det i Ryssland. Bella 1 ska enligt k\u00e4lluppgifter ursprungligen ha inlett sin f\u00e4rd mot Venezuela fr\u00e5n Iran.<\/p>\n","protected":false},"excerpt":{"rendered":"USA:s milit\u00e4r och kustbevakning har inlett en bordning av oljetankern Marinera, uppger tv\u00e5 anonyma tj\u00e4nstem\u00e4n f\u00f6r nyhetsbyr\u00e5n Reuters.&hellip;\n","protected":false},"author":2,"featured_media":793,"comment_status":"","ping_status":"","sticky":false,"template":"","format":"standard","meta":{"footnotes":""},"categories":[14],"tags":[22,23,26,27,17,21,24,25,28,29,15,16,18,34,31,33,32,30,19,20,51,52,53,54],"class_list":{"0":"post-128407","1":"post","2":"type-post","3":"status-publish","4":"format-standard","5":"has-post-thumbnail","7":"category-varlden","8":"tag-breaking-news","9":"tag-breakingnews","10":"tag-featured-news","11":"tag-featurednews","12":"tag-headlines","13":"tag-huvudnyheter","14":"tag-latest-news","15":"tag-latestnews","16":"tag-main-news","17":"tag-mainnews","18":"tag-news","19":"tag-nyheter","20":"tag-rubriker","21":"tag-se","22":"tag-svenska","23":"tag-sverige","24":"tag-sweden","25":"tag-swedish","26":"tag-top-stories","27":"tag-topstories","28":"tag-varlden","29":"tag-world","30":"tag-world-news","31":"tag-worldnews"},"share_on_mastodon":{"url":"https:\/\/pubeurope.com\/@se\/115853997070701449","error":""},"_links":{"self":[{"href":"https:\/\/www.europesays.com\/se\/wp-json\/wp\/v2\/posts\/128407","targetHints":{"allow":["GET"]}}],"collection":[{"href":"https:\/\/www.europesays.com\/se\/wp-json\/wp\/v2\/posts"}],"about":[{"href":"https:\/\/www.europesays.com\/se\/wp-json\/wp\/v2\/types\/post"}],"author":[{"embeddable":true,"href":"https:\/\/www.europesays.com\/se\/wp-json\/wp\/v2\/users\/2"}],"replies":[{"embeddable":true,"href":"https:\/\/www.europesays.com\/se\/wp-json\/wp\/v2\/comments?post=128407"}],"version-history":[{"count":0,"href":"https:\/\/www.europesays.com\/se\/wp-json\/wp\/v2\/posts\/128407\/revisions"}],"wp:featuredmedia":[{"embeddable":true,"href":"https:\/\/www.europesays.com\/se\/wp-json\/wp\/v2\/media\/793"}],"wp:attachment":[{"href":"https:\/\/www.europesays.com\/se\/wp-json\/wp\/v2\/media?parent=128407"}],"wp:term":[{"taxonomy":"category","embeddable":true,"href":"https:\/\/www.europesays.com\/se\/wp-json\/wp\/v2\/categories?post=128407"},{"taxonomy":"post_tag","embeddable":true,"href":"https:\/\/www.europesays.com\/se\/wp-json\/wp\/v2\/tags?post=128407"}],"curies":[{"name":"wp","href":"https:\/\/api.w.org\/{rel}","templated":true}]}}