{"id":128413,"date":"2026-01-07T13:18:08","date_gmt":"2026-01-07T13:18:08","guid":{"rendered":"https:\/\/www.europesays.com\/se\/128413\/"},"modified":"2026-01-07T13:18:08","modified_gmt":"2026-01-07T13:18:08","slug":"lena-ulvaeus-dod-blev-76-ar","status":"publish","type":"post","link":"https:\/\/www.europesays.com\/se\/128413\/","title":{"rendered":"Lena Ulvaeus d\u00f6d \u2013 blev 76 \u00e5r"},"content":{"rendered":"<p>Bj\u00f6rn Ulvaeus bekr\u00e4ftar<a data-test-tag=\"internal-link\" href=\"https:\/\/www.aftonbladet.se\/av\/emanuel-silva\" class=\"hyperion-css-13ns1rr\" rel=\"nofollow noopener\" target=\"\" aria-label=\"Se alla artiklar av Emanuel Silva\"><img decoding=\"async\" class=\"image-asset hyperion-css-n6kkq1\" data-test-tag=\"image-asset\" src=\"https:\/\/www.europesays.com\/se\/wp-content\/uploads\/2026\/01\/1767791887_210_f4f5f026-41bd-4f24-8805-e9ad3dc85d4c.png\"  alt=\"\"  loading=\"lazy\" fetchpriority=\"auto\" style=\"aspect-ratio:1900 \/ 1900\"\/><\/a><\/p>\n<p class=\"boxtextgrotesk-root_baa6 hyperion-css-7pajle\">Uppdaterad 14.17 | Publicerad 13.59<\/p>\n<p>share-arrowDela<\/p>\n<p>unsaveSpara<\/p>\n<p>expand-left<\/p>\n<p>helsk\u00e4rm<img decoding=\"async\" class=\"image-asset hyperion-css-n5a83e\" data-test-tag=\"image-asset\" src=\"https:\/\/www.europesays.com\/se\/wp-content\/uploads\/2026\/01\/20401853-ed3a-43a9-b7ca-166cd44d52ac.jpeg\"  alt=\"Lena och Bj\u00f6rn Ulvaeus 2017.\"  loading=\"eager\" fetchpriority=\"high\" style=\"aspect-ratio:1900 \/ 1128\"\/>Lena och Bj\u00f6rn Ulvaeus 2017. Foto: Karin T\u00f6rnblom \/ Schibsted<\/p>\n<p class=\"hyperion-css-1shl3oz\" data-test-tag=\"lead-text\">Bj\u00f6rn Ulvaeus ex-fru Lena Ulvaeus \u00e4r d\u00f6d.<\/p>\n<p class=\"hyperion-css-1shl3oz\" data-test-tag=\"lead-text\">Det bekr\u00e4ftar Abba-legendarens agent. <\/p>\n<p class=\"hyperion-css-1v9qo5x\"><strong>Lena Ulvaeus <\/strong>blev 76 \u00e5r gammal. <\/p>\n<p class=\"hyperion-css-1v9qo5x\">Hon var gift med <a data-test-tag=\"internal-link\" href=\"https:\/\/www.aftonbladet.se\/tagg\/abba\" class=\"hyperion-css-15jkft9\" rel=\"nofollow noopener\" target=\"\" aria-label=\"Abbas\" theme=\"entertainment\">Abbas<\/a> <a data-test-tag=\"internal-link\" href=\"https:\/\/www.aftonbladet.se\/tagg\/bjorn-ulvaeus\" class=\"hyperion-css-15jkft9\" rel=\"nofollow noopener\" target=\"\" theme=\"entertainment\"><strong>Bj\u00f6rn Ulvaeus<\/strong><\/a> under 41 \u00e5rs tid. <\/p>\n<p class=\"hyperion-css-1v9qo5x\">De gifte sig \u00e5r 1981 och fick tv\u00e5 barn tillsammans. <\/p>\n<p class=\"hyperion-css-1v9qo5x\">De tr\u00e4ffades p\u00e5 en ny\u00e5rsfest hemma hos <strong>Benny Andersson<\/strong> och <strong>Anni-Frid Lyngstad<\/strong>, skriver <a aria-label=\"Svensk Damtidning\" class=\"entertainment hyperion-css-15jkft9\" href=\"https:\/\/www.svenskdam.se\/noje\/abba-bjorns-exfru-lena-ulvaeus-dod-blev-76-ar-gammal\/11215578\" rel=\"noopener nofollow noreferrer\" data-test-tag=\"external-link\" target=\"_blank\">Svensk Damtidning<\/a>. <\/p>\n<p class=\"hyperion-css-1v9qo5x\">D\u00e5 hade han separerat fr\u00e5n<strong><a data-test-tag=\"internal-link\" href=\"https:\/\/www.aftonbladet.se\/tagg\/agnetha-faltskog\" class=\"hyperion-css-15jkft9\" rel=\"nofollow noopener\" target=\"\" aria-label=\" Agnetha F\u00e4ltskog \" theme=\"entertainment\"> Agnetha F\u00e4ltskog <\/a><\/strong>bara n\u00e5gra dagar tidigare.<\/p>\n<p>chevron-leftf\u00f6reg\u00e5ende<\/p>\n<ul class=\"carousel-container-viewport\" style=\"transform:translate3d(0%, 0, 0)\">\n<li class=\"carousel-slide\" style=\"z-index:1;filter:none(1);padding-bottom:100%\"><img decoding=\"async\" class=\"image-asset hyperion-css-u06ts1\" data-test-tag=\"image-asset\" src=\"https:\/\/www.europesays.com\/se\/wp-content\/uploads\/2026\/01\/09f6c133-a731-4a49-9c71-2f24ac5e10e3.jpeg\"  alt=\"\"  fetchpriority=\"auto\" style=\"aspect-ratio:1900 \/ 2548\"\/><\/li>\n<li class=\"carousel-slide\" style=\"filter:none(0.3);padding-bottom:100%\"><img decoding=\"async\" class=\"image-asset hyperion-css-u06ts1\" data-test-tag=\"image-asset\" src=\"https:\/\/www.europesays.com\/se\/wp-content\/uploads\/2026\/01\/ef630e48-c6eb-4e79-9b09-66561536b5f3.jpeg\"  alt=\"\"  fetchpriority=\"auto\" style=\"aspect-ratio:1900 \/ 1371\"\/><\/li>\n<\/ul>\n<p>expand-left<\/p>\n<p>helsk\u00e4rmchevron-rightn\u00e4staBj\u00f6rn och Lena Ulvaeus 1981.<\/p>\n<p>1 \/ 2Foto: Bertil Jigert \/ Schibsted<\/p>\n<p>Skilde sig f\u00f6r tre \u00e5r sedan<\/p>\n<p class=\"hyperion-css-1v9qo5x\"><a data-test-tag=\"internal-link\" href=\"https:\/\/www.aftonbladet.se\/nojesbladet\/a\/ja1ApL\/skilsmassa-for-bjorn-ulvaeus\" class=\"hyperion-css-15jkft9\" rel=\"nofollow noopener\" target=\"\" aria-label=\"De valde att g\u00e5 skilda v\u00e4gar\" theme=\"entertainment\">De valde att g\u00e5 skilda v\u00e4gar<\/a> f\u00f6r tre \u00e5r sedan.<\/p>\n<p class=\"hyperion-css-1v9qo5x\">\u201dEfter m\u00e5nga fina och h\u00e4ndelserika \u00e5r har vi best\u00e4mt oss f\u00f6r att skilja oss. Vi f\u00f6rblir n\u00e4ra och goda v\u00e4nner och kommer att forts\u00e4tta att fira v\u00e5ra barnbarns f\u00f6delsedagar och andra familjeh\u00f6gtider tillsammans\u201d, sa paret d\u00e5 i <a data-test-tag=\"internal-link\" href=\"https:\/\/www.aftonbladet.se\/nojesbladet\/a\/ja1ApL\/skilsmassa-for-bjorn-ulvaeus\" class=\"hyperion-css-15jkft9\" rel=\"nofollow noopener\" target=\"\" aria-label=\"ett gemensamt uttalande via Ulvaeus talesperson\" theme=\"entertainment\">ett gemensamt uttalande via Ulvaeus talesperson<\/a>.<\/p>\n<p class=\"hyperion-css-1v9qo5x\">Bj\u00f6rn Ulvaeus h\u00e4lsar via sin presskontakt att han inte vill kommentera. <\/p>\n","protected":false},"excerpt":{"rendered":"Bj\u00f6rn Ulvaeus bekr\u00e4ftar Uppdaterad 14.17 | Publicerad 13.59 share-arrowDela unsaveSpara expand-left helsk\u00e4rmLena och Bj\u00f6rn Ulvaeus 2017. Foto: Karin&hellip;\n","protected":false},"author":2,"featured_media":128414,"comment_status":"","ping_status":"","sticky":false,"template":"","format":"standard","meta":{"footnotes":""},"categories":[67],"tags":[104,34,31,33,32,30,105],"class_list":{"0":"post-128413","1":"post","2":"type-post","3":"status-publish","4":"format-standard","5":"has-post-thumbnail","7":"category-underhallning","8":"tag-entertainment","9":"tag-se","10":"tag-svenska","11":"tag-sverige","12":"tag-sweden","13":"tag-swedish","14":"tag-underhallning"},"share_on_mastodon":{"url":"https:\/\/pubeurope.com\/@se\/115854016715807246","error":""},"_links":{"self":[{"href":"https:\/\/www.europesays.com\/se\/wp-json\/wp\/v2\/posts\/128413","targetHints":{"allow":["GET"]}}],"collection":[{"href":"https:\/\/www.europesays.com\/se\/wp-json\/wp\/v2\/posts"}],"about":[{"href":"https:\/\/www.europesays.com\/se\/wp-json\/wp\/v2\/types\/post"}],"author":[{"embeddable":true,"href":"https:\/\/www.europesays.com\/se\/wp-json\/wp\/v2\/users\/2"}],"replies":[{"embeddable":true,"href":"https:\/\/www.europesays.com\/se\/wp-json\/wp\/v2\/comments?post=128413"}],"version-history":[{"count":0,"href":"https:\/\/www.europesays.com\/se\/wp-json\/wp\/v2\/posts\/128413\/revisions"}],"wp:featuredmedia":[{"embeddable":true,"href":"https:\/\/www.europesays.com\/se\/wp-json\/wp\/v2\/media\/128414"}],"wp:attachment":[{"href":"https:\/\/www.europesays.com\/se\/wp-json\/wp\/v2\/media?parent=128413"}],"wp:term":[{"taxonomy":"category","embeddable":true,"href":"https:\/\/www.europesays.com\/se\/wp-json\/wp\/v2\/categories?post=128413"},{"taxonomy":"post_tag","embeddable":true,"href":"https:\/\/www.europesays.com\/se\/wp-json\/wp\/v2\/tags?post=128413"}],"curies":[{"name":"wp","href":"https:\/\/api.w.org\/{rel}","templated":true}]}}