{"id":128416,"date":"2026-01-07T13:21:17","date_gmt":"2026-01-07T13:21:17","guid":{"rendered":"https:\/\/www.europesays.com\/se\/128416\/"},"modified":"2026-01-07T13:21:17","modified_gmt":"2026-01-07T13:21:17","slug":"dodsolyckor-och-storningar-for-flyget-snokaoset-slar-mot-hela-europa","status":"publish","type":"post","link":"https:\/\/www.europesays.com\/se\/128416\/","title":{"rendered":"D\u00f6dsolyckor och st\u00f6rningar f\u00f6r flyget \u2013 sn\u00f6kaoset sl\u00e5r mot hela Europa"},"content":{"rendered":"<p class=\"kicker \" style=\"\">FORDON<\/p>\n<p>\n        Flyg f\u00f6rsenas eller st\u00e4lls in p\u00e5 grund av sn\u00f6n \u00f6ver v\u00e4stra Europa.<br \/>\n        Masha Macpherson\/AP\/TT\n    <\/p>\n<p>    Sn\u00f6kaoset sl\u00e5r inte bara mot Sverige. I Frankrike har fem personer d\u00f6tt i trafikolyckor och hundratals flygavg\u00e5ngar st\u00e4lls in eller f\u00f6rsenas i v\u00e4stra Europa. Och mer sn\u00f6 v\u00e4ntas under onsdagen.<\/p>\n<p>Flera d\u00f6dliga trafikolyckor orsakade av sn\u00f6 och is har drabbat Frankrike det senaste dygnet, rapporterar franska medier. <\/p>\n<p>Olyckorna har kr\u00e4vt fem d\u00f6dsoffer sedan ov\u00e4dret b\u00f6rjade, d\u00e4ribland en taxichauff\u00f6r som tappade kontrollen \u00f6ver sin bil och k\u00f6rde ner i floden Marne i Parisregionen. <\/p>\n<p>Flera flygplatser i norra och v\u00e4stra Frankrike h\u00e5ller st\u00e4ngt p\u00e5 grund av sn\u00f6fall, enligt nyhetsbyr\u00e5n Efe. <\/p>\n<p>Sn\u00f6n har \u00e4ven drabbat stora europeiska flygplatser som franska Orly och Charles de Gaulle, samt Schiphol i Amsterdam. <\/p>\n<p>Begr\u00e4nsat antal flyg kunda lyfta<\/p>\n<p>Endast ett begr\u00e4nsat antal flyg kunde lyfta fr\u00e5n Schiphol under m\u00e5ndagen, och i Paris reducerades trafiken med 15 procent p\u00e5 grund av den sv\u00e5ra v\u00e4derleken. I bland annat v\u00e4stfranska Charente-Maritime f\u00f6ll omkring 30 centimeter sn\u00f6. <\/p>\n<p>L\u00e4get har l\u00e4ttat n\u00e5got i Frankrike, men p\u00e5 andra europeiska flygplatser st\u00e4lls avg\u00e5ngar in eller f\u00f6rsenas \u00e4ven under tisdagen, s\u00e4rskilt fr\u00e5n Schiphol.\u00a0<\/p>\n<p>Flygbolaget KLM skriver p\u00e5 sin hemsida att de har st\u00e4llt in 300 flighter till och fr\u00e5n den stora flygplatsen, och varnar f\u00f6r att det kan uppst\u00e5 \u00e4nnu fler f\u00f6rseningar eftersom det r\u00e5der brist p\u00e5 avfrostningsmedel. <\/p>\n<p>Ett nytt sn\u00f6ov\u00e4der \u00e4r p\u00e5 v\u00e4g in \u00f6ver Frankrike under onsdagen. Det har utf\u00e4rdats orangea varningar i 38 departement, och transportminister Philippe Tabarot uppmanar inv\u00e5narna i regionen \u00cele-de-France att undvika resor.\u00a0<\/p>\n<p>Omkring 40 procent av flygen fr\u00e5n Charles de Gaulle-flygplatsen i Paris har st\u00e4llts in under onsdagen. <\/p>\n","protected":false},"excerpt":{"rendered":"FORDON Flyg f\u00f6rsenas eller st\u00e4lls in p\u00e5 grund av sn\u00f6n \u00f6ver v\u00e4stra Europa. Masha Macpherson\/AP\/TT Sn\u00f6kaoset sl\u00e5r inte&hellip;\n","protected":false},"author":2,"featured_media":128417,"comment_status":"","ping_status":"","sticky":false,"template":"","format":"standard","meta":{"footnotes":""},"categories":[14],"tags":[22,23,26,27,17,21,24,25,28,29,15,16,18,34,31,33,32,30,19,20,51,52,53,54],"class_list":{"0":"post-128416","1":"post","2":"type-post","3":"status-publish","4":"format-standard","5":"has-post-thumbnail","7":"category-varlden","8":"tag-breaking-news","9":"tag-breakingnews","10":"tag-featured-news","11":"tag-featurednews","12":"tag-headlines","13":"tag-huvudnyheter","14":"tag-latest-news","15":"tag-latestnews","16":"tag-main-news","17":"tag-mainnews","18":"tag-news","19":"tag-nyheter","20":"tag-rubriker","21":"tag-se","22":"tag-svenska","23":"tag-sverige","24":"tag-sweden","25":"tag-swedish","26":"tag-top-stories","27":"tag-topstories","28":"tag-varlden","29":"tag-world","30":"tag-world-news","31":"tag-worldnews"},"share_on_mastodon":{"url":"https:\/\/pubeurope.com\/@se\/115854028505096490","error":""},"_links":{"self":[{"href":"https:\/\/www.europesays.com\/se\/wp-json\/wp\/v2\/posts\/128416","targetHints":{"allow":["GET"]}}],"collection":[{"href":"https:\/\/www.europesays.com\/se\/wp-json\/wp\/v2\/posts"}],"about":[{"href":"https:\/\/www.europesays.com\/se\/wp-json\/wp\/v2\/types\/post"}],"author":[{"embeddable":true,"href":"https:\/\/www.europesays.com\/se\/wp-json\/wp\/v2\/users\/2"}],"replies":[{"embeddable":true,"href":"https:\/\/www.europesays.com\/se\/wp-json\/wp\/v2\/comments?post=128416"}],"version-history":[{"count":0,"href":"https:\/\/www.europesays.com\/se\/wp-json\/wp\/v2\/posts\/128416\/revisions"}],"wp:featuredmedia":[{"embeddable":true,"href":"https:\/\/www.europesays.com\/se\/wp-json\/wp\/v2\/media\/128417"}],"wp:attachment":[{"href":"https:\/\/www.europesays.com\/se\/wp-json\/wp\/v2\/media?parent=128416"}],"wp:term":[{"taxonomy":"category","embeddable":true,"href":"https:\/\/www.europesays.com\/se\/wp-json\/wp\/v2\/categories?post=128416"},{"taxonomy":"post_tag","embeddable":true,"href":"https:\/\/www.europesays.com\/se\/wp-json\/wp\/v2\/tags?post=128416"}],"curies":[{"name":"wp","href":"https:\/\/api.w.org\/{rel}","templated":true}]}}