{"id":128418,"date":"2026-01-07T13:22:09","date_gmt":"2026-01-07T13:22:09","guid":{"rendered":"https:\/\/www.europesays.com\/se\/128418\/"},"modified":"2026-01-07T13:22:09","modified_gmt":"2026-01-07T13:22:09","slug":"sa-mycket-sno-kan-det-bli-i-orebro-lan","status":"publish","type":"post","link":"https:\/\/www.europesays.com\/se\/128418\/","title":{"rendered":"S\u00e5 mycket sn\u00f6 kan det bli i \u00d6rebro l\u00e4n"},"content":{"rendered":"<p>Under onsdagskv\u00e4llen v\u00e4ntas tidvis kraftigt sn\u00f6fall i nordv\u00e4stra G\u00f6taland och sydv\u00e4stra Svealand. SMHI har utf\u00e4rdat en gul varning som omfattar \u00d6rebro l\u00e4n. Prognosen pekar p\u00e5 kraftigt sn\u00f6fall \u00f6ver l\u00e4net mellan onsdag kv\u00e4ll och torsdag f\u00f6rmiddag. <\/p>\n<p>Totalt kan det kan komma mellan 10 till 15 centimeter sn\u00f6, lokalt upp mot 20 centimeter, enligt SMHI. Vilket kan orsaka trafikproblem. <\/p>\n<p>Mest sn\u00f6 v\u00e4ntas falla under onsdagskv\u00e4llen i l\u00e4net. Under torsdag morgon b\u00f6rjar det sakta mattas av men lokalt kan sn\u00f6byar dr\u00f6ja sig kvar. Ov\u00e4dret kan orsaka l\u00e4ngre restider p\u00e5 grund av halka och f\u00f6rs\u00e4mrad sikt. <\/p>\n<p>Men redan runt lunchtid under onsdagen har sn\u00f6ov\u00e4dret st\u00e4llt till med problem i delar av \u00d6rebro l\u00e4n, enligt SOS alarm. <\/p>\n<p>\u2013 Det \u00e4r v\u00e4ldigt halt runt Karlskoga. Vet inte hur m\u00e5nga h\u00e4ndelser vi har f\u00e5tt nu sista timmen, s\u00e4ger larmoperat\u00f6ren p\u00e5 SOS Alarm som svarar f\u00f6r R\u00e4ddningsregion Bergslagen.<\/p>\n","protected":false},"excerpt":{"rendered":"Under onsdagskv\u00e4llen v\u00e4ntas tidvis kraftigt sn\u00f6fall i nordv\u00e4stra G\u00f6taland och sydv\u00e4stra Svealand. SMHI har utf\u00e4rdat en gul varning&hellip;\n","protected":false},"author":2,"featured_media":128419,"comment_status":"","ping_status":"","sticky":false,"template":"","format":"standard","meta":{"footnotes":""},"categories":[12],"tags":[22,23,26,27,17,21,24,25,28,29,15,16,18,34,31,33,32,30,19,20],"class_list":{"0":"post-128418","1":"post","2":"type-post","3":"status-publish","4":"format-standard","5":"has-post-thumbnail","7":"category-sverige","8":"tag-breaking-news","9":"tag-breakingnews","10":"tag-featured-news","11":"tag-featurednews","12":"tag-headlines","13":"tag-huvudnyheter","14":"tag-latest-news","15":"tag-latestnews","16":"tag-main-news","17":"tag-mainnews","18":"tag-news","19":"tag-nyheter","20":"tag-rubriker","21":"tag-se","22":"tag-svenska","23":"tag-sverige","24":"tag-sweden","25":"tag-swedish","26":"tag-top-stories","27":"tag-topstories"},"share_on_mastodon":{"url":"https:\/\/pubeurope.com\/@se\/115854032484251236","error":""},"_links":{"self":[{"href":"https:\/\/www.europesays.com\/se\/wp-json\/wp\/v2\/posts\/128418","targetHints":{"allow":["GET"]}}],"collection":[{"href":"https:\/\/www.europesays.com\/se\/wp-json\/wp\/v2\/posts"}],"about":[{"href":"https:\/\/www.europesays.com\/se\/wp-json\/wp\/v2\/types\/post"}],"author":[{"embeddable":true,"href":"https:\/\/www.europesays.com\/se\/wp-json\/wp\/v2\/users\/2"}],"replies":[{"embeddable":true,"href":"https:\/\/www.europesays.com\/se\/wp-json\/wp\/v2\/comments?post=128418"}],"version-history":[{"count":0,"href":"https:\/\/www.europesays.com\/se\/wp-json\/wp\/v2\/posts\/128418\/revisions"}],"wp:featuredmedia":[{"embeddable":true,"href":"https:\/\/www.europesays.com\/se\/wp-json\/wp\/v2\/media\/128419"}],"wp:attachment":[{"href":"https:\/\/www.europesays.com\/se\/wp-json\/wp\/v2\/media?parent=128418"}],"wp:term":[{"taxonomy":"category","embeddable":true,"href":"https:\/\/www.europesays.com\/se\/wp-json\/wp\/v2\/categories?post=128418"},{"taxonomy":"post_tag","embeddable":true,"href":"https:\/\/www.europesays.com\/se\/wp-json\/wp\/v2\/tags?post=128418"}],"curies":[{"name":"wp","href":"https:\/\/api.w.org\/{rel}","templated":true}]}}