{"id":128420,"date":"2026-01-07T13:23:09","date_gmt":"2026-01-07T13:23:09","guid":{"rendered":"https:\/\/www.europesays.com\/se\/128420\/"},"modified":"2026-01-07T13:23:09","modified_gmt":"2026-01-07T13:23:09","slug":"snokaos-i-goteborg-da-tog-han-skidorna-till-jobbet-en-drom","status":"publish","type":"post","link":"https:\/\/www.europesays.com\/se\/128420\/","title":{"rendered":"Sn\u00f6kaos i G\u00f6teborg \u2013 d\u00e5 tog han skidorna till jobbet: \u201dEn dr\u00f6m\u201d"},"content":{"rendered":"<p>\t\t\t\t<img decoding=\"async\" class=\"figure-img img-fluid\"  src=\"https:\/\/www.europesays.com\/se\/wp-content\/uploads\/2026\/01\/1767792189_496_bilder.tn.se.jpeg\" alt=\"\" itemprop=\"image\"\/><\/p>\n<p>\t\t\t\t\t\t\t\t\tV\u00e4sttrafik st\u00e4llde in samtlig sp\u00e5rvagnstrafik under onsdagen.<br \/>\n\t\t\t\t\t\t\t\t\t\t\t\t\tBild:<br \/>\n\t\t\t\t\tBj\u00f6rn Larsson Rosvall\/TT<\/p>\n<p class=\"ew-preamble\" itemprop=\"description\">Alla var inte ledsna \u00f6ver onsdagens sn\u00f6kaos i G\u00f6teborg. Skidentusiasten Henrik sn\u00f6rade p\u00e5 sig skidorna f\u00f6r att ta sig till jobbet, rapporterar GP.<\/p>\n<p>\n\t\tPublicerad:<br \/>\n\t\t7 jan 2026, 13:55\n\t<\/p>\n<p class=\"ew-body\">Henrik har fem kilometer mellan sitt hem och sin arbetsplats och var n\u00f6jd \u00f6ver att r\u00f6jningen inte riktigt hunnit med cykelbanor eller trottoarer.<\/p>\n<p class=\"ew-body\">\u2013 Det \u00e4r lite av en dr\u00f6m sedan jag b\u00f6rjade \u00e5ka l\u00e4ngd, att f\u00e5 \u00e5ka till jobbet, s\u00e4ger han till G\u00f6teborgs-Posten.<\/p>\n<p class=\"ew-body\"><a href=\"https:\/\/www.gp.se\/nyheter\/goteborg\/snon-stoppade-sparvagnar-och-tag-goteborgarna-gar-och-skidar.da678d19-17dc-4898-83da-13f131c79dfc\" id=\"link-cf9bee938f4d15ea6020bf8acdc37569\" target=\"_blank\" rel=\"nofollow noopener\">GP: Sn\u00f6n stoppade sp\u00e5rvagnar och t\u00e5g \u2013 g\u00f6teborgarna g\u00e5r och skidar<\/a><\/p>\n<p>\n\t\tPublicerad:<br \/>\n\t\t7 jan 2026, 13:55\n\t<\/p>\n","protected":false},"excerpt":{"rendered":"V\u00e4sttrafik st\u00e4llde in samtlig sp\u00e5rvagnstrafik under onsdagen. Bild: Bj\u00f6rn Larsson Rosvall\/TT Alla var inte ledsna \u00f6ver onsdagens sn\u00f6kaos&hellip;\n","protected":false},"author":2,"featured_media":128421,"comment_status":"","ping_status":"","sticky":false,"template":"","format":"standard","meta":{"footnotes":""},"categories":[5],"tags":[22,23,26,27,17,21,24,25,28,29,15,16,18,34,31,33,32,30,19,20],"class_list":{"0":"post-128420","1":"post","2":"type-post","3":"status-publish","4":"format-standard","5":"has-post-thumbnail","7":"category-rubriker","8":"tag-breaking-news","9":"tag-breakingnews","10":"tag-featured-news","11":"tag-featurednews","12":"tag-headlines","13":"tag-huvudnyheter","14":"tag-latest-news","15":"tag-latestnews","16":"tag-main-news","17":"tag-mainnews","18":"tag-news","19":"tag-nyheter","20":"tag-rubriker","21":"tag-se","22":"tag-svenska","23":"tag-sverige","24":"tag-sweden","25":"tag-swedish","26":"tag-top-stories","27":"tag-topstories"},"share_on_mastodon":{"url":"https:\/\/pubeurope.com\/@se\/115854036301296691","error":""},"_links":{"self":[{"href":"https:\/\/www.europesays.com\/se\/wp-json\/wp\/v2\/posts\/128420","targetHints":{"allow":["GET"]}}],"collection":[{"href":"https:\/\/www.europesays.com\/se\/wp-json\/wp\/v2\/posts"}],"about":[{"href":"https:\/\/www.europesays.com\/se\/wp-json\/wp\/v2\/types\/post"}],"author":[{"embeddable":true,"href":"https:\/\/www.europesays.com\/se\/wp-json\/wp\/v2\/users\/2"}],"replies":[{"embeddable":true,"href":"https:\/\/www.europesays.com\/se\/wp-json\/wp\/v2\/comments?post=128420"}],"version-history":[{"count":0,"href":"https:\/\/www.europesays.com\/se\/wp-json\/wp\/v2\/posts\/128420\/revisions"}],"wp:featuredmedia":[{"embeddable":true,"href":"https:\/\/www.europesays.com\/se\/wp-json\/wp\/v2\/media\/128421"}],"wp:attachment":[{"href":"https:\/\/www.europesays.com\/se\/wp-json\/wp\/v2\/media?parent=128420"}],"wp:term":[{"taxonomy":"category","embeddable":true,"href":"https:\/\/www.europesays.com\/se\/wp-json\/wp\/v2\/categories?post=128420"},{"taxonomy":"post_tag","embeddable":true,"href":"https:\/\/www.europesays.com\/se\/wp-json\/wp\/v2\/tags?post=128420"}],"curies":[{"name":"wp","href":"https:\/\/api.w.org\/{rel}","templated":true}]}}