{"id":128426,"date":"2026-01-07T13:28:12","date_gmt":"2026-01-07T13:28:12","guid":{"rendered":"https:\/\/www.europesays.com\/se\/128426\/"},"modified":"2026-01-07T13:28:12","modified_gmt":"2026-01-07T13:28:12","slug":"warner-bros-nobbar-budet-fran-paramount-skydance-igen","status":"publish","type":"post","link":"https:\/\/www.europesays.com\/se\/128426\/","title":{"rendered":"Warner Bros nobbar budet fr\u00e5n Paramount Skydance \u2013 igen"},"content":{"rendered":"<p>Warner Bros Discovery avvisar p\u00e5 nytt Paramount Skydances reviderade fientliga bud, skriver flera medier. <\/p>\n<p>Budet ses som \u201dotillr\u00e4ckligt\u201d, trots de personliga finansiella garantier som Oracle-medgrundaren och miljard\u00e4ren Larry Ellison l\u00e4mnat. <\/p>\n<p>Styrelsen uppger i ett aktie\u00e4garbrev som publicerades under onsdagen att Paramounts f\u00f6rslag i praktiken skulle bli \u201dden st\u00f6rsta skuldfinansierade aff\u00e4ren i historien\u201d, med upp 54 miljarder dollar i l\u00e5n. <\/p>\n<p>\u201dDenna aggressiva transaktionsstruktur inneb\u00e4r betydligt st\u00f6rre risk f\u00f6r WBD\u201d \u00e4n Netflix-aff\u00e4ren, skriver styrelsen. <\/p>\n<p> Texten uppdateras. <\/p>\n<p>Omni \u00e4r politiskt obundna och oberoende. Vi str\u00e4var efter att ge fler perspektiv p\u00e5 nyheterna. Har du fr\u00e5gor eller synpunkter kring v\u00e5r rapportering? <a href=\"https:\/\/omni.se\/warner-bros-avvisar-paramount-skydance-bud-igen\/a\/mailto:redaktion@omni.se\" class=\"ArticleActions_contactLink__W2F1M\" rel=\"nofollow noopener\" target=\"_blank\">Kontakta redaktionen<\/a><\/p>\n","protected":false},"excerpt":{"rendered":"Warner Bros Discovery avvisar p\u00e5 nytt Paramount Skydances reviderade fientliga bud, skriver flera medier. Budet ses som \u201dotillr\u00e4ckligt\u201d,&hellip;\n","protected":false},"author":2,"featured_media":128427,"comment_status":"","ping_status":"","sticky":false,"template":"","format":"standard","meta":{"footnotes":""},"categories":[65],"tags":[72,70,71,2399,268,2593,34,1702,31,33,32,30,74,11408],"class_list":{"0":"post-128426","1":"post","2":"type-post","3":"status-publish","4":"format-standard","5":"has-post-thumbnail","7":"category-ekonomi","8":"tag-business","9":"tag-economy","10":"tag-ekonomi","11":"tag-netflix","12":"tag-nordamerika","13":"tag-paramount","14":"tag-se","15":"tag-streaming","16":"tag-svenska","17":"tag-sverige","18":"tag-sweden","19":"tag-swedish","20":"tag-usa","21":"tag-warner-bros-discovery"},"share_on_mastodon":{"url":"https:\/\/pubeurope.com\/@se\/115854056082217042","error":""},"_links":{"self":[{"href":"https:\/\/www.europesays.com\/se\/wp-json\/wp\/v2\/posts\/128426","targetHints":{"allow":["GET"]}}],"collection":[{"href":"https:\/\/www.europesays.com\/se\/wp-json\/wp\/v2\/posts"}],"about":[{"href":"https:\/\/www.europesays.com\/se\/wp-json\/wp\/v2\/types\/post"}],"author":[{"embeddable":true,"href":"https:\/\/www.europesays.com\/se\/wp-json\/wp\/v2\/users\/2"}],"replies":[{"embeddable":true,"href":"https:\/\/www.europesays.com\/se\/wp-json\/wp\/v2\/comments?post=128426"}],"version-history":[{"count":0,"href":"https:\/\/www.europesays.com\/se\/wp-json\/wp\/v2\/posts\/128426\/revisions"}],"wp:featuredmedia":[{"embeddable":true,"href":"https:\/\/www.europesays.com\/se\/wp-json\/wp\/v2\/media\/128427"}],"wp:attachment":[{"href":"https:\/\/www.europesays.com\/se\/wp-json\/wp\/v2\/media?parent=128426"}],"wp:term":[{"taxonomy":"category","embeddable":true,"href":"https:\/\/www.europesays.com\/se\/wp-json\/wp\/v2\/categories?post=128426"},{"taxonomy":"post_tag","embeddable":true,"href":"https:\/\/www.europesays.com\/se\/wp-json\/wp\/v2\/tags?post=128426"}],"curies":[{"name":"wp","href":"https:\/\/api.w.org\/{rel}","templated":true}]}}