{"id":128430,"date":"2026-01-07T13:30:11","date_gmt":"2026-01-07T13:30:11","guid":{"rendered":"https:\/\/www.europesays.com\/se\/128430\/"},"modified":"2026-01-07T13:30:11","modified_gmt":"2026-01-07T13:30:11","slug":"skogsagare-ska-ersattas-vid-artskyddsatgarder-2","status":"publish","type":"post","link":"https:\/\/www.europesays.com\/se\/128430\/","title":{"rendered":"Skogs\u00e4gare ska ers\u00e4ttas vid artskydds\u00e5tg\u00e4rder"},"content":{"rendered":"<p>\t\t\t\t<img decoding=\"async\" class=\"figure-img img-fluid\"  src=\"https:\/\/www.europesays.com\/se\/wp-content\/uploads\/2026\/01\/1767792611_719_bilder.tn.se.jpeg\" alt=\"\" itemprop=\"image\"\/><\/p>\n<p>\t\t\t\t\t\t\t\t\tKlimat- och milj\u00f6minister Romina Pourmokhtari (L).<br \/>\n\t\t\t\t\t\t\t\t\t\t\t\t\tBild:<br \/>\n\t\t\t\t\tJessica Gow\/TT<\/p>\n<p class=\"ew-preamble\" itemprop=\"description\">Regeringen f\u00f6resl\u00e5r att skogs- och mark\u00e4gare ska ers\u00e4ttas n\u00e4r deras \u00e4gande inskr\u00e4nks p\u00e5 grund av artskyddet.<\/p>\n<p>\n\t\tPublicerad:<br \/>\n\t\t7 jan 2026, 13:34\n\t<\/p>\n<p>\n\t\t\tUppdaterad:<br \/>\n\t\t\t7 jan 2026, 14:07\n\t\t<\/p>\n<p class=\"ew-body\">\u2013 I dag finns en tydlig obalans. Ansvarsfulla mark\u00e4gare som bedriver ett h\u00e5llbart skogsbruk riskerar att f\u00e5 sin avverkning stoppad helt utan ers\u00e4ttning, s\u00e4ger klimat- och milj\u00f6minister Romina Pourmokhtari (L) p\u00e5 en presstr\u00e4ff.<\/p>\n<p class=\"ew-body\">Enligt f\u00f6rslaget ska ers\u00e4ttning utg\u00e5 om p\u00e5g\u00e5ende markanv\u00e4ndning \u201davsev\u00e4rt f\u00f6rsv\u00e5ras\u201d. Ers\u00e4ttningen ska vara motsvarande 125 procent av den minskning av fastighetsv\u00e4rdet som begr\u00e4nsningen ger upphov till. Skogsstyrelsen f\u00e5r i uppdrag att n\u00e5 \u00f6verenskommelser med mark\u00e4gare.<\/p>\n<p class=\"ew-body\">Pourmokhtari trycker p\u00e5 att antalet \u00f6verklaganden av avverkningsbeslut skapar os\u00e4kerhet bland \u00e4garna.<\/p>\n<p class=\"ew-body\">\u2013 N\u00e4r varje beslut riskerar leda till l\u00e5ngdragna processer, \u00f6kade kostnader och i v\u00e4rsta fall f\u00f6rsvagad brukander\u00e4tt, d\u00e5 f\u00f6rsvagas ocks\u00e5 incitamenten f\u00f6r att v\u00e5rda, v\u00e4rna och f\u00f6rvalta skog och mark, s\u00e4ger hon.<\/p>\n<p class=\"ew-body\">Ers\u00e4ttningen \u00e4r budgeterad till 100 miljoner kronor om \u00e5ret fr\u00e5n och med 2027.<\/p>\n<p class=\"ew-body\">F\u00f6rslaget ska g\u00e5 p\u00e5 remiss och en proposition planeras under v\u00e5ren.<\/p>\n<p>\n\t\tPublicerad:<br \/>\n\t\t7 jan 2026, 13:34\n\t<\/p>\n<p>\n\t\t\tUppdaterad:<br \/>\n\t\t\t7 jan 2026, 14:07\n\t\t<\/p>\n","protected":false},"excerpt":{"rendered":"Klimat- och milj\u00f6minister Romina Pourmokhtari (L). Bild: Jessica Gow\/TT Regeringen f\u00f6resl\u00e5r att skogs- och mark\u00e4gare ska ers\u00e4ttas n\u00e4r&hellip;\n","protected":false},"author":2,"featured_media":128431,"comment_status":"","ping_status":"","sticky":false,"template":"","format":"standard","meta":{"footnotes":""},"categories":[12],"tags":[22,23,26,27,17,21,24,25,28,29,15,16,18,34,31,33,32,30,19,20],"class_list":{"0":"post-128430","1":"post","2":"type-post","3":"status-publish","4":"format-standard","5":"has-post-thumbnail","7":"category-sverige","8":"tag-breaking-news","9":"tag-breakingnews","10":"tag-featured-news","11":"tag-featurednews","12":"tag-headlines","13":"tag-huvudnyheter","14":"tag-latest-news","15":"tag-latestnews","16":"tag-main-news","17":"tag-mainnews","18":"tag-news","19":"tag-nyheter","20":"tag-rubriker","21":"tag-se","22":"tag-svenska","23":"tag-sverige","24":"tag-sweden","25":"tag-swedish","26":"tag-top-stories","27":"tag-topstories"},"share_on_mastodon":{"url":"https:\/\/pubeurope.com\/@se\/115854063945469765","error":""},"_links":{"self":[{"href":"https:\/\/www.europesays.com\/se\/wp-json\/wp\/v2\/posts\/128430","targetHints":{"allow":["GET"]}}],"collection":[{"href":"https:\/\/www.europesays.com\/se\/wp-json\/wp\/v2\/posts"}],"about":[{"href":"https:\/\/www.europesays.com\/se\/wp-json\/wp\/v2\/types\/post"}],"author":[{"embeddable":true,"href":"https:\/\/www.europesays.com\/se\/wp-json\/wp\/v2\/users\/2"}],"replies":[{"embeddable":true,"href":"https:\/\/www.europesays.com\/se\/wp-json\/wp\/v2\/comments?post=128430"}],"version-history":[{"count":0,"href":"https:\/\/www.europesays.com\/se\/wp-json\/wp\/v2\/posts\/128430\/revisions"}],"wp:featuredmedia":[{"embeddable":true,"href":"https:\/\/www.europesays.com\/se\/wp-json\/wp\/v2\/media\/128431"}],"wp:attachment":[{"href":"https:\/\/www.europesays.com\/se\/wp-json\/wp\/v2\/media?parent=128430"}],"wp:term":[{"taxonomy":"category","embeddable":true,"href":"https:\/\/www.europesays.com\/se\/wp-json\/wp\/v2\/categories?post=128430"},{"taxonomy":"post_tag","embeddable":true,"href":"https:\/\/www.europesays.com\/se\/wp-json\/wp\/v2\/tags?post=128430"}],"curies":[{"name":"wp","href":"https:\/\/api.w.org\/{rel}","templated":true}]}}