{"id":128436,"date":"2026-01-07T13:34:12","date_gmt":"2026-01-07T13:34:12","guid":{"rendered":"https:\/\/www.europesays.com\/se\/128436\/"},"modified":"2026-01-07T13:34:12","modified_gmt":"2026-01-07T13:34:12","slug":"helena-lindblad-tipsar-om-tio-fynd-pa-goteborgs-filmfestival","status":"publish","type":"post","link":"https:\/\/www.europesays.com\/se\/128436\/","title":{"rendered":"Helena Lindblad tipsar om tio fynd p\u00e5 G\u00f6teborgs filmfestival"},"content":{"rendered":"<p>      \u201dBiodlaren\u201d<\/p>\n<p>          <img decoding=\"async\" class=\"picture__img\" src=\"https:\/\/www.europesays.com\/se\/wp-content\/uploads\/2026\/01\/a6462a8f-c194-406b-8b79-c02f8c839153.jpeg\"   alt=\"\u201dBiodlaren\u201d med Adam Lundgren och Hedvid Nilsson.\"\/><\/p>\n<p>      \u201dBiodlaren\u201d med Adam Lundgren och Hedvid Nilsson.<\/p>\n<p>      Foto: Njutafilms<\/p>\n<p>Regi: Marcus Carlsson. Med: Adam Lundgren, Hedvig Nilsson, Marika Lindstr\u00f6m<\/p>\n<p>Festivalens l\u00e5gm\u00e4lda och existentiella invigningsfilm \u00e4r ett f\u00e4rskt svenskt far-dotter-drama med r\u00f6tterna i v\u00e4rml\u00e4ndska \u00c5motfors. Adam Lundgrens biodlare Olof f\u00f6rs\u00f6ker n\u00e4rma sig sin distanserade ton\u00e5rsdotter Claudia. N\u00e4r han m\u00f6rkar en allvarlig sjukdom st\u00e4lls relationen p\u00e5 sin spets. Beskrivs som en film som \u201dutforskar k\u00e4rleken, naturen och livets cykler, samtidigt som den ber\u00e4ttar om en l\u00e4ngtan efter ett sammanhang, l\u00e5ngt fr\u00e5n storst\u00e4dernas brus\u201d.<\/p>\n<p>      \u201dMecenaten\u201d<\/p>\n<p>          <img decoding=\"async\" class=\"picture__img\" src=\"https:\/\/www.europesays.com\/se\/wp-content\/uploads\/2026\/01\/0a4bdec6-c2f3-41ee-b40c-c83d74089098.jpeg\"   alt=\"Carla Sehn i \u201dMecenaten\u201d.\"\/><\/p>\n<p>      Carla Sehn i \u201dMecenaten\u201d.<\/p>\n<p>      Foto: G\u00f6teborgs filmfestival<\/p>\n<p>Regi: Julia Thelin. Med: Carla Sehn, Lucas Lynggaard T\u00f8nnesen, Maxwell Cunningham<\/p>\n<p>Lockande svensk dramathriller om avancerade l\u00f6gner i konstv\u00e4rlden. Den alltid sev\u00e4rda Carla Sehn f\u00f6ljer upp sin Netflix-succ\u00e9 \u201dHalva Malm\u00f6 best\u00e5r av killar som har dumpat mig\u201d med att spela en st\u00e4derska som stj\u00e4l en av sina arbetsgivares identitet och utger sig f\u00f6r att vara en inflytelserik konstmecenat och gallerist. N\u00e4r huvudpersonen f\u00e5r tv\u00e5 unga, manliga konstn\u00e4rer p\u00e5 kroken b\u00f6rjar ett komplicerat och farlig spel om kulturellt kapital, makt och svek.<\/p>\n<p>      \u201dFranz K\u201d<\/p>\n<p>          <img decoding=\"async\" class=\"picture__img\" src=\"https:\/\/www.europesays.com\/se\/wp-content\/uploads\/2026\/01\/faa48c86-222b-466c-b0c5-472b31991fdb.jpeg\"   alt=\"Idan Weiss spelar f\u00f6rfattaren Franz Kafka.\"\/><\/p>\n<p>      Idan Weiss spelar f\u00f6rfattaren Franz Kafka.<\/p>\n<p>      Foto: G\u00f6teborgs filmfestival.<\/p>\n<p>Regi: Agnieszka Holland. \u00a0Med: Idan Weiss, Jenov\u00e9fa Bokov\u00e1, Peter Kurth<\/p>\n<p>En av \u00e5rets hederspristagare \u00e4r den polskf\u00f6dda veteranregiss\u00f6ren och sanningss\u00f6karen Agnieszka Holland som ofta r\u00f6rt sig kring de stora fr\u00e5gorna i historien, senast i det laddade migrationsdramat \u201dGreen border\u201d. Hon kommer till \u00e5rets filmfestival i G\u00f6teborg med en suggestiv film om en av sina stora valfr\u00e4ndskaper, Franz Kafka, ett drama som v\u00e4ver ihop den tjeckiska f\u00f6rfattarens liv och verk.<\/p>\n<p>      \u201dLove me tender\u201d<\/p>\n<p>          <img decoding=\"async\" class=\"picture__img\" src=\"https:\/\/www.europesays.com\/se\/wp-content\/uploads\/2026\/01\/26b00ff7-1eb3-49c2-9360-c81d6dda08f6.jpeg\"   alt=\"Vicky Krieps i \u201dLove me tender\u201d\"\/><\/p>\n<p>      Vicky Krieps i \u201dLove me tender\u201d<\/p>\n<p>      Foto: G\u00f6teborgs filmfestival.<\/p>\n<p>Regi: Anna Cazenave Cambet. Med: Vicky Krieps, Antoine Reinartz, Park Ji-min<\/p>\n<p>Vicky Krieps (\u201dPhantom thread\u201d, \u201dKorsett\u201d) forts\u00e4tter vara en av Europas mest lyskraftiga, karismatiska och or\u00e4dda sk\u00e5despelare. I \u201dLove me tender\u201d gestaltar hon huvudpersonen i en filmatisering av den kontroversiella autofiktiva franska f\u00f6rfattaren Constance Debr\u00e9s bok om ett laddat \u00e4ktenskapsdrama. Huvudpersonen Cl\u00e9mence \u00e4r en advokat som l\u00e4mnar hemmet f\u00f6r att dejta kvinnor vilket utl\u00f6ser en dramatisk v\u00e5rdnadstvist mellan de forna makarna.<\/p>\n<p>      \u201dThe chronology of water\u201d<\/p>\n<p>          <img decoding=\"async\" class=\"picture__img\" src=\"https:\/\/www.europesays.com\/se\/wp-content\/uploads\/2026\/01\/99b1a039-56e2-4c8f-8d49-c861c0243163.jpeg\"   alt=\"\u201dThe chronology of water\u201d\"\/><\/p>\n<p>      \u201dThe chronology of water\u201d<\/p>\n<p>      Foto: G\u00f6teborgs filmfestival.<\/p>\n<p>Regi: Kristen Stewart. Med: Imogen Poots, Jim Belushi, Earl Cave<\/p>\n<p>En av \u00e5rets starka trender p\u00e5 filmfestivalen i Cannes var filmer regisserade av l\u00e5ngfilmsregidebuterande stj\u00e4rnor. Kristen Stewarts \u201dThe chronology of water\u201d l\u00e4t h\u00f6ra tala om sig som ett expressivt och havsn\u00e4ra drama om konsekvenserna av \u00f6vergrepp i en dysfunktionell familj baserad p\u00e5 f\u00f6rfattaren Lidia Yuknavitchs memoarer. Filmfestivalen i G\u00f6teborg visar \u00e4ven Harris Dickinsons \u201dUrchin\u201d och Scarlett Johanssons \u201dEleanor the great\u201d.<\/p>\n<p>      \u201dTrollkarlen i Kreml\u201d<\/p>\n<p>          <img decoding=\"async\" class=\"picture__img\" src=\"https:\/\/www.europesays.com\/se\/wp-content\/uploads\/2026\/01\/9d92c409-bc2f-4382-b7f6-d5b6ff67ab20.jpeg\"   alt=\"Alicia Vikander i \u201dTrollkarlen i Kreml\u201d\"\/><\/p>\n<p>      Alicia Vikander i \u201dTrollkarlen i Kreml\u201d<\/p>\n<p>      Foto: G\u00f6teborgs filmfestival<\/p>\n<p>Regi: Olivier Assayas. Med: Paul Dano, Jude Law, Alicia Vikander<\/p>\n<p>Hur blev Rysslands president Vladimir Putin den han \u00e4r i dag och vilket politiskt system var grogrunden f\u00f6r hans maktposition? N\u00e5gra av svaren finns i den h\u00e4r rafflande, skr\u00e4ckladdade och m\u00f6rkt komiska politisk thrillern som kretsar kring en betydelsefull spelare i Kremls korridorer, spinndoktorn Vadim Baranov, som i sin tur \u00e4r modellerad efter verklighetens Vladislav Surkov. En t\u00e4t filmatisering av Giuliano da Empolis roman med samma titel.<\/p>\n<p>      \u201dJa!\u201d<\/p>\n<p>          <img decoding=\"async\" class=\"picture__img\" src=\"https:\/\/www.europesays.com\/se\/wp-content\/uploads\/2026\/01\/c58e4f62-88f4-4586-978b-a206f51c81ac.jpeg\"   alt=\"Efrat Dor och Ariel Bronz i \u201dJa!\u201d\"\/><\/p>\n<p>      Efrat Dor och Ariel Bronz i \u201dJa!\u201d<\/p>\n<p>      Foto: G\u00f6teborgs filmfestival<\/p>\n<p>Regi: Nadav Lapid. Med: Efrat Dor, Ariel Bronz, Naama Preis<\/p>\n<p>Den kompromissl\u00f6sa israeliska regiss\u00f6ren Nadav Lapid drar sig inte f\u00f6r att rikta h\u00e5rd kritik mot hemlandets politik i en \u201dmusikalisk tragedi\u201d som utspelar i Israel efter Hamas terrorattack den 7 oktober. En f\u00e4rgstark, provokativ och h\u00e5rtsl\u00e5ende attack mot nationalism, krigshets, v\u00e5ldsretorik och korruption i sp\u00e5ren av det f\u00f6r\u00f6dande kriget i Gaza.<\/p>\n<p>      \u201dIngen kommentar\u201d<\/p>\n<p>          <img decoding=\"async\" class=\"picture__img\" src=\"https:\/\/www.europesays.com\/se\/wp-content\/uploads\/2026\/01\/eb4c4ea0-dcf0-4ce2-aaa6-5589971dd599.jpeg\"   alt=\"Laila Goody spelar Alma Solvik i \u201dIngen kommentar\u201d.\"\/><\/p>\n<p>      Laila Goody spelar Alma Solvik i \u201dIngen kommentar\u201d.<\/p>\n<p>      Foto: G\u00f6teborgs filmfestival<\/p>\n<p>Regi: Peter Naess. Med: Laila Goody, Anders Baasmo, Torbj\u00f8rn Aamodt<\/p>\n<p>Den norska framg\u00e5ngsv\u00e5gen inneh\u00e5ller inte bara prisade dramer som \u201dSentimental value\u201d utan \u00e4ven dr\u00e4pande politisk satir. \u201dIngen kommentar\u201d tar avstamp i en verklig politisk skandal som utgick fr\u00e5n den forna statsministern Erna Solbergs lukrativa aktieaff\u00e4rer som \u00e4ven involverade hennes make Sindre Finnes. Filmversionen inneh\u00e5ller mediestormar, maktkritik och spinndoktorer i en salig, f\u00e4rgstark blandning.<\/p>\n<p>      \u201dOnce upon a time in Gaza\u201d<\/p>\n<p>          <img decoding=\"async\" class=\"picture__img\" src=\"https:\/\/www.europesays.com\/se\/wp-content\/uploads\/2026\/01\/be7fbd13-af97-48ab-a5e0-897302c7e7b1.jpeg\"   alt=\"Majd Eid och Nader Abd Alhay spelar i \u201dOnce upon a time in Gaza\u201d.\"\/><\/p>\n<p>      Majd Eid och Nader Abd Alhay spelar i \u201dOnce upon a time in Gaza\u201d.<\/p>\n<p>      Foto: G\u00f6teborgs filmfestival<\/p>\n<p>Regi: Tarzan Nasser, Arab Nasser. Med: Majd Eid och Nader Abd Alhay<\/p>\n<p>De palestinskf\u00f6dda och h\u00e5rfagra tvillingbr\u00f6derna Nasser \u00e4r tillbaka med en hejdl\u00f6s och explosiv dramakomedi som utspelar sig i Gaza 2007, m\u00e4rkes\u00e5ret f\u00f6r Hamas makt\u00f6vertagande och Israels blockad. I centrum st\u00e5r en frustrerad student som bara vill l\u00e4mna Gaza City och i st\u00e4llet hamnar som en ofrivillig actionhj\u00e4lte i ett heroiserande filmprojekt, vilket p\u00e5minner en del om h\u00e4ndelsef\u00f6rloppet i Tarik Salehs \u201dEagles of the republic\u201d.<\/p>\n<p>      \u201dRomer\u00eda\u201d<\/p>\n<p>          <img decoding=\"async\" class=\"picture__img\" src=\"https:\/\/www.europesays.com\/se\/wp-content\/uploads\/2026\/01\/82f5d066-f942-4c21-8494-7644ce9c7c51.jpeg\"   alt=\"Trist\u00e1n Ulloa, Miryam Gallego, Marina Troncoso och Ll\u00facia Garcia in \u201dRomer\u00eda\u201d.\"\/><\/p>\n<p>      Trist\u00e1n Ulloa, Miryam Gallego, Marina Troncoso och Ll\u00facia Garcia in \u201dRomer\u00eda\u201d.<\/p>\n<p>      Foto: G\u00f6teborgs filmfestival<\/p>\n<p>Regi: Carla Sim\u00f3n. Med: Ll\u00facia Garcia, Miryam Gallego, Marina Troncoso<\/p>\n<p>\u201dEn persikolund i Katalonien\u201d-regiss\u00f6ren Carla Sim\u00f3n \u00e5terv\u00e4nder med ett sj\u00e4lvbiografiskt f\u00e4rgat drama i ett soldr\u00e4nkt Galicien fyllt av laddade familjehemligheter. En ung, f\u00f6r\u00e4ldral\u00f6s filmstudent s\u00f6ker sina d\u00f6da f\u00f6r\u00e4ldrars sl\u00e4kt f\u00f6r att f\u00e5 hj\u00e4lp med pappersbyr\u00e5krati. Historien formar sig till ett slags gripande unders\u00f6kande reportage om k\u00e4rlek och missbruk i aidsepidemins skugga.<\/p>\n<p>          Fakta.G\u00f6teborgs filmfestival<\/p>\n<p><strong>Den 49:e<\/strong> upplagan av Sveriges st\u00f6rsta filmfestival \u00e4ger rum den 23 januari\u20131 februari.<\/p>\n<p><strong>\u00c5rets tema<\/strong> \u00e4r \u201dFocus: truth\u201d och festivalen fokuserar p\u00e5 \u201dsanningen och vad som h\u00e4nder n\u00e4r den f\u00f6rvanskas eller tappar sin betydelse\u201d.<\/p>\n<p><strong>Hedersg\u00e4ster<\/strong> \u00e4r sk\u00e5despelaren Noomi Rapace och den polskf\u00f6dda regiss\u00f6ren Agniezka Hollywood som uppm\u00e4rksammas med varsin retrospektiv.<\/p>\n<p><strong>Tre\u2013fyra<\/strong> festivalfilmer dagligen \u00e5terfinns i den digitala salongen p\u00e5 str\u00f6mningstj\u00e4nsten Draken film.<\/p>\n<p><strong>Prisgalan<\/strong> Dragon awards \u00e4ger rum l\u00f6rdagen den 31 januari.<\/p>\n<p>            Visa mer<\/p>\n<p>            Visa mindre<\/p>\n","protected":false},"excerpt":{"rendered":"\u201dBiodlaren\u201d \u201dBiodlaren\u201d med Adam Lundgren och Hedvid Nilsson. Foto: Njutafilms Regi: Marcus Carlsson. Med: Adam Lundgren, Hedvig Nilsson,&hellip;\n","protected":false},"author":2,"featured_media":128437,"comment_status":"","ping_status":"","sticky":false,"template":"","format":"standard","meta":{"footnotes":""},"categories":[67],"tags":[104,34,31,33,32,30,105],"class_list":{"0":"post-128436","1":"post","2":"type-post","3":"status-publish","4":"format-standard","5":"has-post-thumbnail","7":"category-underhallning","8":"tag-entertainment","9":"tag-se","10":"tag-svenska","11":"tag-sverige","12":"tag-sweden","13":"tag-swedish","14":"tag-underhallning"},"share_on_mastodon":{"url":"https:\/\/pubeurope.com\/@se\/115854079706712760","error":""},"_links":{"self":[{"href":"https:\/\/www.europesays.com\/se\/wp-json\/wp\/v2\/posts\/128436","targetHints":{"allow":["GET"]}}],"collection":[{"href":"https:\/\/www.europesays.com\/se\/wp-json\/wp\/v2\/posts"}],"about":[{"href":"https:\/\/www.europesays.com\/se\/wp-json\/wp\/v2\/types\/post"}],"author":[{"embeddable":true,"href":"https:\/\/www.europesays.com\/se\/wp-json\/wp\/v2\/users\/2"}],"replies":[{"embeddable":true,"href":"https:\/\/www.europesays.com\/se\/wp-json\/wp\/v2\/comments?post=128436"}],"version-history":[{"count":0,"href":"https:\/\/www.europesays.com\/se\/wp-json\/wp\/v2\/posts\/128436\/revisions"}],"wp:featuredmedia":[{"embeddable":true,"href":"https:\/\/www.europesays.com\/se\/wp-json\/wp\/v2\/media\/128437"}],"wp:attachment":[{"href":"https:\/\/www.europesays.com\/se\/wp-json\/wp\/v2\/media?parent=128436"}],"wp:term":[{"taxonomy":"category","embeddable":true,"href":"https:\/\/www.europesays.com\/se\/wp-json\/wp\/v2\/categories?post=128436"},{"taxonomy":"post_tag","embeddable":true,"href":"https:\/\/www.europesays.com\/se\/wp-json\/wp\/v2\/tags?post=128436"}],"curies":[{"name":"wp","href":"https:\/\/api.w.org\/{rel}","templated":true}]}}