{"id":128439,"date":"2026-01-07T13:38:18","date_gmt":"2026-01-07T13:38:18","guid":{"rendered":"https:\/\/www.europesays.com\/se\/128439\/"},"modified":"2026-01-07T13:38:18","modified_gmt":"2026-01-07T13:38:18","slug":"craft-anhorigstod-i-grupp","status":"publish","type":"post","link":"https:\/\/www.europesays.com\/se\/128439\/","title":{"rendered":"CRAFT \u2013 anh\u00f6rigst\u00f6d i grupp"},"content":{"rendered":"<p class=\"hiq-p\">CRAFT syftar till att st\u00e4rka din egen h\u00e4lsa och livskvalitet som anh\u00f6rig, samtidigt som du f\u00e5r konkreta och konstruktiva verktyg f\u00f6r att st\u00f6tta och uppmuntra din n\u00e4rst\u00e5ende att s\u00f6ka hj\u00e4lp f\u00f6r sitt missbruk.<\/p>\n<p class=\"hiq-p\">Gruppen leds av en kurator fr\u00e5n socialmedicinska mottagningen och 1:e socialsekreterare fr\u00e5n vuxenenheten.<\/p>\n<p class=\"hiq-p\">Tr\u00e4ffarna sker tv\u00e5 g\u00e5nger i m\u00e5naden p\u00e5 onsdagar klockan 14.30 \u2013 16.00 i Bl\u00e5 Huset H\u00f6viksn\u00e4s.<\/p>\n<p>F\u00f6rsta tillf\u00e4llet h\u00e5lls den 18 februari 2026.<\/p>\n","protected":false},"excerpt":{"rendered":"CRAFT syftar till att st\u00e4rka din egen h\u00e4lsa och livskvalitet som anh\u00f6rig, samtidigt som du f\u00e5r konkreta och&hellip;\n","protected":false},"author":2,"featured_media":128440,"comment_status":"","ping_status":"","sticky":false,"template":"","format":"standard","meta":{"footnotes":""},"categories":[12],"tags":[22,23,26,27,17,21,24,25,28,29,15,16,18,34,31,33,32,30,19,20],"class_list":{"0":"post-128439","1":"post","2":"type-post","3":"status-publish","4":"format-standard","5":"has-post-thumbnail","7":"category-sverige","8":"tag-breaking-news","9":"tag-breakingnews","10":"tag-featured-news","11":"tag-featurednews","12":"tag-headlines","13":"tag-huvudnyheter","14":"tag-latest-news","15":"tag-latestnews","16":"tag-main-news","17":"tag-mainnews","18":"tag-news","19":"tag-nyheter","20":"tag-rubriker","21":"tag-se","22":"tag-svenska","23":"tag-sverige","24":"tag-sweden","25":"tag-swedish","26":"tag-top-stories","27":"tag-topstories"},"share_on_mastodon":{"url":"https:\/\/pubeurope.com\/@se\/115854095423663161","error":""},"_links":{"self":[{"href":"https:\/\/www.europesays.com\/se\/wp-json\/wp\/v2\/posts\/128439","targetHints":{"allow":["GET"]}}],"collection":[{"href":"https:\/\/www.europesays.com\/se\/wp-json\/wp\/v2\/posts"}],"about":[{"href":"https:\/\/www.europesays.com\/se\/wp-json\/wp\/v2\/types\/post"}],"author":[{"embeddable":true,"href":"https:\/\/www.europesays.com\/se\/wp-json\/wp\/v2\/users\/2"}],"replies":[{"embeddable":true,"href":"https:\/\/www.europesays.com\/se\/wp-json\/wp\/v2\/comments?post=128439"}],"version-history":[{"count":0,"href":"https:\/\/www.europesays.com\/se\/wp-json\/wp\/v2\/posts\/128439\/revisions"}],"wp:featuredmedia":[{"embeddable":true,"href":"https:\/\/www.europesays.com\/se\/wp-json\/wp\/v2\/media\/128440"}],"wp:attachment":[{"href":"https:\/\/www.europesays.com\/se\/wp-json\/wp\/v2\/media?parent=128439"}],"wp:term":[{"taxonomy":"category","embeddable":true,"href":"https:\/\/www.europesays.com\/se\/wp-json\/wp\/v2\/categories?post=128439"},{"taxonomy":"post_tag","embeddable":true,"href":"https:\/\/www.europesays.com\/se\/wp-json\/wp\/v2\/tags?post=128439"}],"curies":[{"name":"wp","href":"https:\/\/api.w.org\/{rel}","templated":true}]}}