{"id":128455,"date":"2026-01-07T13:50:10","date_gmt":"2026-01-07T13:50:10","guid":{"rendered":"https:\/\/www.europesays.com\/se\/128455\/"},"modified":"2026-01-07T13:50:10","modified_gmt":"2026-01-07T13:50:10","slug":"kladmarket-i-rekonstruktion","status":"publish","type":"post","link":"https:\/\/www.europesays.com\/se\/128455\/","title":{"rendered":"Kl\u00e4dm\u00e4rket i rekonstruktion"},"content":{"rendered":"<p>F\u00f6retaget bakom dam- och herrm\u00e4rket Movesgood,\u00a0Lean Retail Int. AB, h\u00f6ll p\u00e5 att st\u00e4lla om sin aff\u00e4rsmodell. Nu \u00e4r det i rekonstruktion.\u00a0<\/p>\n<p>            den 7 januari 2026 14:27<\/p>\n<p>Efter flera \u00e5r med f\u00f6rluster befinner sig varum\u00e4rket sedan dagen f\u00f6re julafton i rekonstruktion.\u00a0<\/p>\n<p>Det svenska dam- och herrvarum\u00e4rket \u00e4r nischat p\u00e5 basplagg och loungewear tillverkade i\u00a0lyocellbearbetad bambu och har sedan starten 2016 s\u00e5lt det egna varum\u00e4rket Movesgood i popupbutiker, egna konceptbutiker och e-handel, via agenter och till \u00e5terf\u00f6rs\u00e4ljare. F\u00f6rutom mode saluf\u00f6r Movesgood \u00e4ven s\u00e4ngkl\u00e4der i bambu.\u00a0<\/p>\n<p>\n                        Ja, tack! Jag vill prenumerera p\u00e5 Habit under 1 m\u00e5nad. Ingen bindningstid Du f\u00e5r tillg\u00e5ng till nyhetsbrev och plusartiklar p\u00e5 hemsidan.\n                    <\/p>\n<p>\n                    F\u00e5 tillg\u00e5ng till allt inneh\u00e5ll p\u00e5 Habit\n                <\/p>\n<p>\n                    Ingen bindningstid eller kortinformation kr\u00e4vs\n                <\/p>\n<p>\n                        G\u00e4ller endast personlig prenumeration.\n                    <\/p>\n<p>                                            <a v-for=\"(project, index) in projects\" v-show=\"index &lt; max || showAll\" v-bind:href=\"'https:\/\/www.projektagenten.se\/project\/' + project.id\" target=\"_blank\" class=\"article-project\"><\/p>\n<p>                                                {{ project.name }}<br \/>\n                                                L\u00e4s om projektet<br \/>\n                                            <\/a><\/p>\n<p>                                                Alla relaterade projekt<\/p>\n","protected":false},"excerpt":{"rendered":"F\u00f6retaget bakom dam- och herrm\u00e4rket Movesgood,\u00a0Lean Retail Int. AB, h\u00f6ll p\u00e5 att st\u00e4lla om sin aff\u00e4rsmodell. Nu \u00e4r&hellip;\n","protected":false},"author":2,"featured_media":128456,"comment_status":"","ping_status":"","sticky":false,"template":"","format":"standard","meta":{"footnotes":""},"categories":[67],"tags":[104,34,31,33,32,30,105],"class_list":{"0":"post-128455","1":"post","2":"type-post","3":"status-publish","4":"format-standard","5":"has-post-thumbnail","7":"category-underhallning","8":"tag-entertainment","9":"tag-se","10":"tag-svenska","11":"tag-sverige","12":"tag-sweden","13":"tag-swedish","14":"tag-underhallning"},"share_on_mastodon":{"url":"https:\/\/pubeurope.com\/@se\/115854142790091301","error":""},"_links":{"self":[{"href":"https:\/\/www.europesays.com\/se\/wp-json\/wp\/v2\/posts\/128455","targetHints":{"allow":["GET"]}}],"collection":[{"href":"https:\/\/www.europesays.com\/se\/wp-json\/wp\/v2\/posts"}],"about":[{"href":"https:\/\/www.europesays.com\/se\/wp-json\/wp\/v2\/types\/post"}],"author":[{"embeddable":true,"href":"https:\/\/www.europesays.com\/se\/wp-json\/wp\/v2\/users\/2"}],"replies":[{"embeddable":true,"href":"https:\/\/www.europesays.com\/se\/wp-json\/wp\/v2\/comments?post=128455"}],"version-history":[{"count":0,"href":"https:\/\/www.europesays.com\/se\/wp-json\/wp\/v2\/posts\/128455\/revisions"}],"wp:featuredmedia":[{"embeddable":true,"href":"https:\/\/www.europesays.com\/se\/wp-json\/wp\/v2\/media\/128456"}],"wp:attachment":[{"href":"https:\/\/www.europesays.com\/se\/wp-json\/wp\/v2\/media?parent=128455"}],"wp:term":[{"taxonomy":"category","embeddable":true,"href":"https:\/\/www.europesays.com\/se\/wp-json\/wp\/v2\/categories?post=128455"},{"taxonomy":"post_tag","embeddable":true,"href":"https:\/\/www.europesays.com\/se\/wp-json\/wp\/v2\/tags?post=128455"}],"curies":[{"name":"wp","href":"https:\/\/api.w.org\/{rel}","templated":true}]}}