{"id":128466,"date":"2026-01-07T13:58:06","date_gmt":"2026-01-07T13:58:06","guid":{"rendered":"https:\/\/www.europesays.com\/se\/128466\/"},"modified":"2026-01-07T13:58:06","modified_gmt":"2026-01-07T13:58:06","slug":"amanda-jansson-om-nya-boken-judas-och-sexfantasierna","status":"publish","type":"post","link":"https:\/\/www.europesays.com\/se\/128466\/","title":{"rendered":"Amanda Jansson om nya boken \u201dJudas\u201d och sexfantasierna"},"content":{"rendered":"<p>Publicerad 7 jan 2026 kl 14.42<\/p>\n<p>Disneyland, h\u00f6n\u00f6kaka och sex blir h\u00f6gsta prio om d\u00f6den hotar stj\u00e4rnf\u00f6rfattaren Amanda Romare.\u00a0<\/p>\n<p>Nu \u00e4r hon tillbaka med nya boken \u201dJudas\u201d, efter dubbelsucc\u00e9n med \u201dHalva Malm\u00f6 best\u00e5r av killar som dumpat mig\u201d.<\/p>\n<p><img   alt=\"Amanda Romare \u00e4r aktuell med sin nya roman \u201dJudas\u201d.\"\/><\/p>\n<p>Amanda Romare \u00e4r aktuell med sin nya roman \u201dJudas\u201d. Foto: Claudio Bresciani \/ TT NYHETSBYR\u00c5N<\/p>\n<p>Dela artikel<\/p>\n<p>Kopiera l\u00e4nk<\/p>\n<p>L\u00e4nk kopierad<\/p>\n<p><strong>Vad var jobbigast att skriva om i din nya bok?<br \/><\/strong>\u2013 Amandas b\u00e4sta kompis Lilleman \u00e4r med om ett \u00f6vergrepp och Amandas f\u00f6rsta tanke \u00e4r att hon inte ska anm\u00e4la, f\u00f6r att det kommer bli \u201ds\u00e5 jobbigt f\u00f6r alla\u201d. Chocken \u00f6ver att vara en s\u00e5dan anti-feminist, att vilja sopa allt under mattan, var v\u00e4ldigt jobbigt att skriva om. Inte minst eftersom det baserar sig p\u00e5 n\u00e5got vi g\u00e5tt igenom p\u00e5 riktigt.\u00a0<\/p>\n<p><strong>Vilken darling tog det mest emot att d\u00f6da?<br \/><\/strong>\u2013 Jag hade skrivit en story om hur fulla jag och min syster blev p\u00e5 Expressens kulturfest och hur hon i minusgrader ramlade p\u00e5 en sluttande gata. Hon hade en kl\u00e4nning i ett plasttyg som gjorde att hon gled 100 meter mellan bilarna och jag sprang efter i h\u00f6ga klackar och f\u00f6rs\u00f6kte plocka upp allt som ramlade ur hennes v\u00e4ska. Min f\u00f6rl\u00e4ggare str\u00f6k den delen, eftersom han vill separera den riktiga Amandas och bok-Amandas liv.\u00a0<\/p>\n<p><img loading=\"lazy\"   alt=\"Amanda Romare p\u00e5 uppdrag f\u00f6r Expressen under Nobelbanketten 2025.\"\/><\/p>\n<p>Amanda Romare p\u00e5 uppdrag f\u00f6r Expressen under Nobelbanketten 2025. Foto: PELLE T NILSSON \/ SPA<\/p>\n<p><strong>\u00c4r det viktigt f\u00f6r dig att vara omtyckt?<br \/><\/strong>\u2013 J\u00e4tteviktigt. Bara nu n\u00e4r jag svarar f\u00e5r jag panik f\u00f6r att l\u00e5ta snobbig eller gapig. Jag tror det har att g\u00f6ra med att jag har behov av att m\u00f6ta sn\u00e4llhet och f\u00f6rst\u00e5else sj\u00e4lv.\u00a0<\/p>\n<p>Amanda Romare: \u201dS\u00e5g mer \u00e4cklad \u00e4n k\u00e5t ut\u201d<\/p>\n<p><strong>N\u00e4r gr\u00e4t du senast?<br \/><\/strong>\u2013 Jag la mig i en sexig pose framf\u00f6r min kille i genomskinliga trosor, och han s\u00e5g tio g\u00e5nger mer \u00e4cklad \u00e4n k\u00e5t ut. D\u00e5 b\u00f6rjade jag gr\u00e5ta. Men sedan l\u00e5g han och h\u00f6ll om mig och vi s\u00e5g en film f\u00f6r att bearbeta traumat.<\/p>\n<p><img loading=\"lazy\"   alt=\"I sin nya bok \u201dJudas\u201d unders\u00f6ker Amanda Romare parrelation och samboskap.\"\/><\/p>\n<p>I sin nya bok \u201dJudas\u201d unders\u00f6ker Amanda Romare parrelation och samboskap. Foto: Owen Romare Hughes \/ Natur &amp; Kultur<\/p>\n<p><strong>Vilken k\u00e4ndis sv\u00e4rmar du f\u00f6r i hemlighet? <br \/><\/strong>\u2013 <strong>Truls M\u00f6reg\u00e5rdh<\/strong> och hans flickv\u00e4n <strong>Leah Muskantor.<\/strong> De \u00e4r b\u00e5da s\u00e5 snygga, verkar sk\u00f6na och \u00e4r bra p\u00e5 pingis.\u00a0<\/p>\n<p><strong>Vilken emoji anv\u00e4nder du mest?<br \/><\/strong>\u2013 Haha, den h\u00e4r: \ud83e\udd72 Sn\u00e4ll, anspr\u00e5ksl\u00f6s och f\u00f6rst\u00e5ende.\u00a0<\/p>\n<p>Disneyland och sexfantasier<\/p>\n<p><strong>Vem tycker du \u00e4r ett geni?<br \/><\/strong>\u2013 Tyv\u00e4rr m\u00e5ste jag s\u00e4ga <strong>Donald Trump<\/strong>. Det tar emot, men skickligheten att bli v\u00e4rldens m\u00e4ktigaste man tv\u00e5 g\u00e5nger n\u00e4r han \u00e4r s\u00e5 galen\u2009&#8230; Och alla hans f\u00f6rnekelse- och l\u00f6gnstrategier som funkar.<\/p>\n<p><img loading=\"lazy\"   alt=\"Donald Trump.\"\/><\/p>\n<p>Donald Trump. Foto: REMKO DE WAAL \/ EPA ANP<\/p>\n<p><strong>Vilken \u00e4r den viktigaste samh\u00e4llsfr\u00e5gan i dag? <br \/><\/strong>\u2013 Klimatet! Herregud, utan en fungerande jord kommer ingen av oss att m\u00e5 bra.\u00a0<\/p>\n<p><strong>Vad skulle du g\u00f6ra om du bara hade en vecka kvar att leva?<br \/><\/strong>\u2013 \u00c4ta s\u00e5 mycket h\u00f6n\u00f6kaka jag bara kan med Earl grey-te till. Utforska n\u00e5gra av mina sjukaste sexfantasier \u2013\u00a0jag har en med tv\u00e5 tanter \u2013 och avsluta med att se paraden p\u00e5 Disneyland Paris med min syster och pojkv\u00e4n. Det \u00e4r det st\u00e4llet p\u00e5 jorden d\u00e4r jag k\u00e4nner mig tryggast.\u00a0<\/p>\n<p><img loading=\"lazy\"   alt=\"Amanda Romare.\"\/><\/p>\n<p>Amanda Romare. Foto: Claudio Bresciani\/TT<\/p>\n<p>\u00a0<\/p>\n<p><strong>Vad \u00e4r det dyraste du \u00e4ger?<br \/><\/strong>\u2013 Just nu en bekr\u00e4ftelse fr\u00e5n Airbnb p\u00e5 fyra n\u00e4tter i Cortina f\u00f6r 20\u2009000 kronor, f\u00f6r att jag ska se OS i februari. Jag fick en panikattack n\u00e4r jag betalade.\u00a0<\/p>\n<p><strong>L\u00c4S MER:<\/strong><a href=\"https:\/\/damernasvarld.expressen.se\/livsstil\/amanda-jansson-mitt-kampigaste-ar-nagonsin\/\" data-click-url=\"https:\/\/damernasvarld.expressen.se\/livsstil\/amanda-jansson-mitt-kampigaste-ar-nagonsin\/\" data-t-type=\"c-t\" data-t-label=\"bodyText-link\" class=\"js-ct\" rel=\"nofollow noopener\" target=\"_blank\"><strong> <\/strong><\/a><a href=\"https:\/\/damernasvarld.expressen.se\/livsstil\/amanda-jansson-mitt-kampigaste-ar-nagonsin\/\" data-click-url=\"https:\/\/damernasvarld.expressen.se\/livsstil\/amanda-jansson-mitt-kampigaste-ar-nagonsin\/\" data-t-type=\"c-t\" data-t-label=\"bodyText-link\" class=\"js-ct\" rel=\"nofollow noopener\" target=\"_blank\"><strong>Amanda Jansson fr\u00e5n \u201dJag for ner till bror\u201d:<\/strong> <strong>\u201dMitt k\u00e4mpigaste \u00e5r n\u00e5gonsin\u201d <\/strong><\/a><strong>\u00a0<\/strong><\/p>\n<p><strong>L\u00c4S MER: <\/strong><a href=\"https:\/\/damernasvarld.expressen.se\/hyllade-budgetmetoden-som-ska-radda-ditt-har\/\" data-click-url=\"https:\/\/damernasvarld.expressen.se\/hyllade-budgetmetoden-som-ska-radda-ditt-har\/\" data-t-type=\"c-t\" data-t-label=\"bodyText-link\" class=\"js-ct\" rel=\"nofollow noopener\" target=\"_blank\"><strong>Hyllade budgetmetoden som ska r\u00e4dda ditt h\u00e5r<\/strong><\/a><strong>\u00a0<\/strong><\/p>\n","protected":false},"excerpt":{"rendered":"Publicerad 7 jan 2026 kl 14.42 Disneyland, h\u00f6n\u00f6kaka och sex blir h\u00f6gsta prio om d\u00f6den hotar stj\u00e4rnf\u00f6rfattaren Amanda&hellip;\n","protected":false},"author":2,"featured_media":128467,"comment_status":"","ping_status":"","sticky":false,"template":"","format":"standard","meta":{"footnotes":""},"categories":[67],"tags":[3254,104,34,31,33,32,30,105],"class_list":{"0":"post-128466","1":"post","2":"type-post","3":"status-publish","4":"format-standard","5":"has-post-thumbnail","7":"category-underhallning","8":"tag-amanda-romare","9":"tag-entertainment","10":"tag-se","11":"tag-svenska","12":"tag-sverige","13":"tag-sweden","14":"tag-swedish","15":"tag-underhallning"},"share_on_mastodon":{"url":"https:\/\/pubeurope.com\/@se\/115854174170722402","error":""},"_links":{"self":[{"href":"https:\/\/www.europesays.com\/se\/wp-json\/wp\/v2\/posts\/128466","targetHints":{"allow":["GET"]}}],"collection":[{"href":"https:\/\/www.europesays.com\/se\/wp-json\/wp\/v2\/posts"}],"about":[{"href":"https:\/\/www.europesays.com\/se\/wp-json\/wp\/v2\/types\/post"}],"author":[{"embeddable":true,"href":"https:\/\/www.europesays.com\/se\/wp-json\/wp\/v2\/users\/2"}],"replies":[{"embeddable":true,"href":"https:\/\/www.europesays.com\/se\/wp-json\/wp\/v2\/comments?post=128466"}],"version-history":[{"count":0,"href":"https:\/\/www.europesays.com\/se\/wp-json\/wp\/v2\/posts\/128466\/revisions"}],"wp:featuredmedia":[{"embeddable":true,"href":"https:\/\/www.europesays.com\/se\/wp-json\/wp\/v2\/media\/128467"}],"wp:attachment":[{"href":"https:\/\/www.europesays.com\/se\/wp-json\/wp\/v2\/media?parent=128466"}],"wp:term":[{"taxonomy":"category","embeddable":true,"href":"https:\/\/www.europesays.com\/se\/wp-json\/wp\/v2\/categories?post=128466"},{"taxonomy":"post_tag","embeddable":true,"href":"https:\/\/www.europesays.com\/se\/wp-json\/wp\/v2\/tags?post=128466"}],"curies":[{"name":"wp","href":"https:\/\/api.w.org\/{rel}","templated":true}]}}