{"id":128472,"date":"2026-01-07T14:02:04","date_gmt":"2026-01-07T14:02:04","guid":{"rendered":"https:\/\/www.europesays.com\/se\/128472\/"},"modified":"2026-01-07T14:02:04","modified_gmt":"2026-01-07T14:02:04","slug":"olycka-bakom-dodligt-skott-i-skogen","status":"publish","type":"post","link":"https:\/\/www.europesays.com\/se\/128472\/","title":{"rendered":"Olycka bakom d\u00f6dligt skott i skogen"},"content":{"rendered":"<p>share-arrowDela<\/p>\n<p>unsaveSpara<\/p>\n<p>expand-left<\/p>\n<p>helsk\u00e4rm<img decoding=\"async\" class=\"image-asset hyperion-css-u06ts1\" data-test-tag=\"image-asset\" src=\"https:\/\/www.europesays.com\/se\/wp-content\/uploads\/2026\/01\/79731e1d-cf4b-4fe1-ac21-ce7c2a88566b.jpeg\"  alt=\"I slutet av oktober hittades en man skjuten i skogen utanf\u00f6r Klippan. Polisutredningen har visat att han hade tr\u00e4ffats av ett v\u00e5daskott fr\u00e5n sitt eget jaktvapen. Arkivbild.\"  loading=\"eager\" fetchpriority=\"high\" style=\"aspect-ratio:1900 \/ 1267\"\/>I slutet av oktober hittades en man skjuten i skogen utanf\u00f6r Klippan. Polisutredningen har visat att han hade tr\u00e4ffats av ett v\u00e5daskott fr\u00e5n sitt eget jaktvapen. Arkivbild. Foto: Andreas Hillergren\/TT<\/p>\n<p class=\"hyperion-css-1shl3oz\" data-test-tag=\"lead-text\">Mannen som i oktober hittades skottskadad i skogen vid F\u00e4ringtofta i Klippans kommun och senare avled hade tr\u00e4ffats av ett v\u00e5daskott, visar polisutredningen som nu lagts ner.<\/p>\n<p class=\"hyperion-css-1v9qo5x\">Olyckan skedde i samband med utfodring av vildsvin. Ett skott fr\u00e5n mannens eget jaktgev\u00e4r brann av och tr\u00e4ffade honom i axeltrakten, rapporterar HD.<\/p>\n<p class=\"hyperion-css-1v9qo5x\">Inledningsvis var det oklart om mannen tr\u00e4ffats av en f\u00f6rlupen kula fr\u00e5n n\u00e5gon annans jaktvapen, eftersom jakt p\u00e5gick i omr\u00e5det.<\/p>\n","protected":false},"excerpt":{"rendered":"share-arrowDela unsaveSpara expand-left helsk\u00e4rmI slutet av oktober hittades en man skjuten i skogen utanf\u00f6r Klippan. Polisutredningen har visat&hellip;\n","protected":false},"author":2,"featured_media":128473,"comment_status":"","ping_status":"","sticky":false,"template":"","format":"standard","meta":{"footnotes":""},"categories":[12],"tags":[22,23,26,27,17,21,24,25,28,29,15,16,18,34,31,33,32,30,19,20],"class_list":{"0":"post-128472","1":"post","2":"type-post","3":"status-publish","4":"format-standard","5":"has-post-thumbnail","7":"category-sverige","8":"tag-breaking-news","9":"tag-breakingnews","10":"tag-featured-news","11":"tag-featurednews","12":"tag-headlines","13":"tag-huvudnyheter","14":"tag-latest-news","15":"tag-latestnews","16":"tag-main-news","17":"tag-mainnews","18":"tag-news","19":"tag-nyheter","20":"tag-rubriker","21":"tag-se","22":"tag-svenska","23":"tag-sverige","24":"tag-sweden","25":"tag-swedish","26":"tag-top-stories","27":"tag-topstories"},"share_on_mastodon":{"url":"https:\/\/pubeurope.com\/@se\/115854189874941851","error":""},"_links":{"self":[{"href":"https:\/\/www.europesays.com\/se\/wp-json\/wp\/v2\/posts\/128472","targetHints":{"allow":["GET"]}}],"collection":[{"href":"https:\/\/www.europesays.com\/se\/wp-json\/wp\/v2\/posts"}],"about":[{"href":"https:\/\/www.europesays.com\/se\/wp-json\/wp\/v2\/types\/post"}],"author":[{"embeddable":true,"href":"https:\/\/www.europesays.com\/se\/wp-json\/wp\/v2\/users\/2"}],"replies":[{"embeddable":true,"href":"https:\/\/www.europesays.com\/se\/wp-json\/wp\/v2\/comments?post=128472"}],"version-history":[{"count":0,"href":"https:\/\/www.europesays.com\/se\/wp-json\/wp\/v2\/posts\/128472\/revisions"}],"wp:featuredmedia":[{"embeddable":true,"href":"https:\/\/www.europesays.com\/se\/wp-json\/wp\/v2\/media\/128473"}],"wp:attachment":[{"href":"https:\/\/www.europesays.com\/se\/wp-json\/wp\/v2\/media?parent=128472"}],"wp:term":[{"taxonomy":"category","embeddable":true,"href":"https:\/\/www.europesays.com\/se\/wp-json\/wp\/v2\/categories?post=128472"},{"taxonomy":"post_tag","embeddable":true,"href":"https:\/\/www.europesays.com\/se\/wp-json\/wp\/v2\/tags?post=128472"}],"curies":[{"name":"wp","href":"https:\/\/api.w.org\/{rel}","templated":true}]}}