{"id":128492,"date":"2026-01-07T14:14:06","date_gmt":"2026-01-07T14:14:06","guid":{"rendered":"https:\/\/www.europesays.com\/se\/128492\/"},"modified":"2026-01-07T14:14:06","modified_gmt":"2026-01-07T14:14:06","slug":"eva-melander-spelar-huvudrollen-i-je-mappelle-agneta-premiar-i-var","status":"publish","type":"post","link":"https:\/\/www.europesays.com\/se\/128492\/","title":{"rendered":"Eva Melander spelar huvudrollen i &#8221;Je m\u2019appelle Agneta&#8221; &#8211; premi\u00e4r i v\u00e5r"},"content":{"rendered":"<p>Nu kan vi ber\u00e4tta att Eva Melander (\u201dGr\u00e4ns\u201d, \u201dStrul\u201d) spelar titelrollen i Netflix kommande svenska dramakomedi \u201dJe m\u2019appelle Agneta\u201d.<\/p>\n<p>Filmen f\u00f6ljer Agneta, nyss fyllda 49, som hamnat i en livskris. Barnen har flyttat ut och jobbet k\u00e4nns trist. F\u00f6r att fly vardagen tar hon anst\u00e4llning som au-pair i Frankrike \u00e5t en svensk pojke\u2026 tror hon. Pojken visar sig n\u00e4mligen vara en excentrisk \u00e4ldre man.<\/p>\n<p>Einar spelas av <strong>Claes M\u00e5nsson<\/strong>, som <a href=\"https:\/\/www.moviezine.se\/nyheter\/suzanne-reuter-claes-mansson-dar-solen-alltid-skiner-intervju\" rel=\"nofollow noopener\" target=\"_blank\">avsl\u00f6jade sin medverkan<\/a> f\u00f6r MovieZine redan f\u00f6rra h\u00f6sten:<\/p>\n<p>\u2013 Jag s\u00e5g den f\u00f6r n\u00e5gra veckor sen och den \u00e4r bra! Men det \u00e4r s\u00e5klart sv\u00e5rt att se och bed\u00f6ma sig sj\u00e4lv \u2013 men Netflix \u00e4r extremt n\u00f6jda, s\u00e5 det \u00e4r ju ett gott tecken, kommenterar M\u00e5nsson.<\/p>\n<p>I andra roller f\u00e5r vi se <strong>Bj\u00f6rn Kjellman<\/strong>, <strong>J\u00e9r\u00e9mie Covillault<\/strong> (\u201dGreven av Monte Cristo\u201d), <strong>Anne-Marie Ponsot<\/strong> och <strong>Richard Forsgren<\/strong> (\u201dGlaskupan\u201d). F\u00f6r regin st\u00e5r <strong>Johanna Runevad<\/strong> (\u201dAllt och Eva\u201d, \u201dFalkenberg Forever\u201d).<\/p>\n<p>Den f\u00f6rsta nyheten om att <a href=\"https:\/\/www.moviezine.se\/nyheter\/sf-studios-gor-film-av-emma-hambergs-nya-bok-je-m-appelle-agneta\" rel=\"nofollow noopener\" target=\"_blank\">Emma Hambergs roman \u201dJe m\u2019appelle Agneta\u201d<\/a> skulle filmas av SF Studios kom redan 2021. V\u00e4ntan har varit l\u00e5ng, men nu \u00e4r den snart h\u00e4r \u2013 filmen lanseras globalt p\u00e5 Netflix under v\u00e5ren 2026.<\/p>\n<p>L\u00e4s ocks\u00e5: <a href=\"https:\/\/www.moviezine.se\/nyheter\/netflix-storsatsar-pa-norden-26-kommande-filmer-och-serier-presenteras\" title=\"Netflix storsatsar p\u00e5 Norden: 26 kommande filmer och serier har just avsl\u00f6jats\" class=\"underline-custom !font-montserrat !font-bold !underline-offset-4 !decoration-4 !decoration-moviezine-green !text-md\" rel=\"nofollow noopener\" target=\"_blank\">Netflix storsatsar p\u00e5 Norden: 26 kommande filmer och serier har just avsl\u00f6jats<\/a><\/p>\n<p>L\u00e4s ocks\u00e5: <a href=\"https:\/\/www.moviezine.se\/nyheter\/sf-studios-gor-film-av-emma-hambergs-nya-bok-je-m-appelle-agneta\" title=\"SF Studios g\u00f6r film av Emma Hambergs nya bok \u201dJe m\u2019appelle Agneta\u201d\" class=\"underline-custom !font-montserrat !font-bold !underline-offset-4 !decoration-4 !decoration-moviezine-green !text-md\" rel=\"nofollow noopener\" target=\"_blank\">SF Studios g\u00f6r film av Emma Hambergs nya bok \u201dJe m\u2019appelle Agneta\u201d<\/a><\/p>\n","protected":false},"excerpt":{"rendered":"Nu kan vi ber\u00e4tta att Eva Melander (\u201dGr\u00e4ns\u201d, \u201dStrul\u201d) spelar titelrollen i Netflix kommande svenska dramakomedi \u201dJe m\u2019appelle&hellip;\n","protected":false},"author":2,"featured_media":128493,"comment_status":"","ping_status":"","sticky":false,"template":"","format":"standard","meta":{"footnotes":""},"categories":[67],"tags":[104,2399,34,2535,31,33,32,30,105],"class_list":{"0":"post-128492","1":"post","2":"type-post","3":"status-publish","4":"format-standard","5":"has-post-thumbnail","7":"category-underhallning","8":"tag-entertainment","9":"tag-netflix","10":"tag-se","11":"tag-svensk-film","12":"tag-svenska","13":"tag-sverige","14":"tag-sweden","15":"tag-swedish","16":"tag-underhallning"},"share_on_mastodon":{"url":"https:\/\/pubeurope.com\/@se\/115854236859012696","error":""},"_links":{"self":[{"href":"https:\/\/www.europesays.com\/se\/wp-json\/wp\/v2\/posts\/128492","targetHints":{"allow":["GET"]}}],"collection":[{"href":"https:\/\/www.europesays.com\/se\/wp-json\/wp\/v2\/posts"}],"about":[{"href":"https:\/\/www.europesays.com\/se\/wp-json\/wp\/v2\/types\/post"}],"author":[{"embeddable":true,"href":"https:\/\/www.europesays.com\/se\/wp-json\/wp\/v2\/users\/2"}],"replies":[{"embeddable":true,"href":"https:\/\/www.europesays.com\/se\/wp-json\/wp\/v2\/comments?post=128492"}],"version-history":[{"count":0,"href":"https:\/\/www.europesays.com\/se\/wp-json\/wp\/v2\/posts\/128492\/revisions"}],"wp:featuredmedia":[{"embeddable":true,"href":"https:\/\/www.europesays.com\/se\/wp-json\/wp\/v2\/media\/128493"}],"wp:attachment":[{"href":"https:\/\/www.europesays.com\/se\/wp-json\/wp\/v2\/media?parent=128492"}],"wp:term":[{"taxonomy":"category","embeddable":true,"href":"https:\/\/www.europesays.com\/se\/wp-json\/wp\/v2\/categories?post=128492"},{"taxonomy":"post_tag","embeddable":true,"href":"https:\/\/www.europesays.com\/se\/wp-json\/wp\/v2\/tags?post=128492"}],"curies":[{"name":"wp","href":"https:\/\/api.w.org\/{rel}","templated":true}]}}