{"id":128496,"date":"2026-01-07T14:17:09","date_gmt":"2026-01-07T14:17:09","guid":{"rendered":"https:\/\/www.europesays.com\/se\/128496\/"},"modified":"2026-01-07T14:17:09","modified_gmt":"2026-01-07T14:17:09","slug":"svensk-forsvarsindustri-slar-nya-rekord-fordubbling-av-foretag-i-goteborg","status":"publish","type":"post","link":"https:\/\/www.europesays.com\/se\/128496\/","title":{"rendered":"Svensk f\u00f6rsvarsindustri sl\u00e5r nya rekord \u2013 f\u00f6rdubbling av f\u00f6retag i G\u00f6teborg"},"content":{"rendered":"<p>\t\t\t\t\t<a href=\"https:\/\/www.tn.se\/svenskt-forsvar\/\" rel=\"nofollow noopener\" target=\"_blank\"><br \/>\n\t\t\t\tDET SVENSKA F\u00d6RSVARET<br \/>\n\t\t\t<\/a><\/p>\n<p>\t\t\t\t<img decoding=\"async\" class=\"figure-img img-fluid\"  src=\"https:\/\/www.europesays.com\/se\/wp-content\/uploads\/2026\/01\/1767795429_950_bilder.tn.se.jpeg\" alt=\"\" itemprop=\"image\"\/><\/p>\n<p>\t\t\t\t\t\t\t\t\tEtt exempel p\u00e5 verksamheter som bidrar till den starka tillv\u00e4xten inom f\u00f6rsvarsindustrin \u00e4r f\u00f6retag som tillverkar dr\u00f6nare.<br \/>\n\t\t\t\t\t\t\t\t\t\t\t\t\tBild:<br \/>\n\t\t\t\t\tHenrik Montgomery\/TT<\/p>\n<p class=\"ew-preamble\" itemprop=\"description\">Ett allt os\u00e4krare omv\u00e4rldsl\u00e4ge g\u00f6r att f\u00f6rsvarsindustrin v\u00e4xer kraftigt i Sverige. Varje m\u00e5nad \u00f6kar branschen med 500 personer, rapporterar GP.<\/p>\n<p>\n\t\tPublicerad:<br \/>\n\t\t7 jan 2026, 15:00\n\t<\/p>\n<p class=\"ew-body\">F\u00f6rra \u00e5ret \u00f6kade f\u00f6rsvarsf\u00f6retagens oms\u00e4ttning med \u00f6ver 50 procent, och det finns inga tecken p\u00e5 avmattning, enligt Robert Limmerg\u00e5rd p\u00e5 f\u00f6rsvarsf\u00f6retagens branschorganisation Soff.<\/p>\n<p class=\"ew-body\">\u2013 Hade det inte varit s\u00e5dana utmaningar inom andra branscher hade vi haft en j\u00e4tteresa att kunna rekrytera kompetens, s\u00e4ger han till G\u00f6teborgs-Posten.<\/p>\n<p class=\"ew-body\">N\u00e4r F\u00f6rsvaret \u00e5terigen st\u00e4rks p\u00e5verkar det inte bara om klassiska f\u00f6rsvarsindustriorter som Link\u00f6ping eller Karlskoga.<\/p>\n<p class=\"ew-body\">\u00c4ven i G\u00f6teborgsregionen m\u00e4rks utvecklingen tydligt, och h\u00e4r h\u00e4mtas mycket av kompetensen fr\u00e5n fordonsindustrin. Antalet f\u00f6rsvarsf\u00f6retag i G\u00f6teborg har mer \u00e4n f\u00f6rdubblats sedan Rysslands invasion av Ukraina.<\/p>\n<p class=\"ew-body\"><a href=\"https:\/\/www.gp.se\/ekonomi\/forsvarsindustrin-vaxer-kraftigt-sa-ritas-kartan-om-i-goteborg.4e9f36a1-dbdd-4bf1-9370-671b18acbfb6\" id=\"link-5bb0ebebf26d3ffd1994aa897a7c046e\" target=\"_blank\" rel=\"nofollow noopener\">GP: F\u00f6rsvarsindustrin v\u00e4xer kraftigt \u2013 s\u00e5 ritas kartan om i G\u00f6teborg<\/a><\/p>\n<p>\n\t\tPublicerad:<br \/>\n\t\t7 jan 2026, 15:00\n\t<\/p>\n","protected":false},"excerpt":{"rendered":"DET SVENSKA F\u00d6RSVARET Ett exempel p\u00e5 verksamheter som bidrar till den starka tillv\u00e4xten inom f\u00f6rsvarsindustrin \u00e4r f\u00f6retag som&hellip;\n","protected":false},"author":2,"featured_media":128497,"comment_status":"","ping_status":"","sticky":false,"template":"","format":"standard","meta":{"footnotes":""},"categories":[14],"tags":[22,23,26,27,17,21,24,25,28,29,15,16,18,34,31,33,32,30,19,20,51,52,53,54],"class_list":{"0":"post-128496","1":"post","2":"type-post","3":"status-publish","4":"format-standard","5":"has-post-thumbnail","7":"category-varlden","8":"tag-breaking-news","9":"tag-breakingnews","10":"tag-featured-news","11":"tag-featurednews","12":"tag-headlines","13":"tag-huvudnyheter","14":"tag-latest-news","15":"tag-latestnews","16":"tag-main-news","17":"tag-mainnews","18":"tag-news","19":"tag-nyheter","20":"tag-rubriker","21":"tag-se","22":"tag-svenska","23":"tag-sverige","24":"tag-sweden","25":"tag-swedish","26":"tag-top-stories","27":"tag-topstories","28":"tag-varlden","29":"tag-world","30":"tag-world-news","31":"tag-worldnews"},"share_on_mastodon":{"url":"https:\/\/pubeurope.com\/@se\/115854248655626764","error":""},"_links":{"self":[{"href":"https:\/\/www.europesays.com\/se\/wp-json\/wp\/v2\/posts\/128496","targetHints":{"allow":["GET"]}}],"collection":[{"href":"https:\/\/www.europesays.com\/se\/wp-json\/wp\/v2\/posts"}],"about":[{"href":"https:\/\/www.europesays.com\/se\/wp-json\/wp\/v2\/types\/post"}],"author":[{"embeddable":true,"href":"https:\/\/www.europesays.com\/se\/wp-json\/wp\/v2\/users\/2"}],"replies":[{"embeddable":true,"href":"https:\/\/www.europesays.com\/se\/wp-json\/wp\/v2\/comments?post=128496"}],"version-history":[{"count":0,"href":"https:\/\/www.europesays.com\/se\/wp-json\/wp\/v2\/posts\/128496\/revisions"}],"wp:featuredmedia":[{"embeddable":true,"href":"https:\/\/www.europesays.com\/se\/wp-json\/wp\/v2\/media\/128497"}],"wp:attachment":[{"href":"https:\/\/www.europesays.com\/se\/wp-json\/wp\/v2\/media?parent=128496"}],"wp:term":[{"taxonomy":"category","embeddable":true,"href":"https:\/\/www.europesays.com\/se\/wp-json\/wp\/v2\/categories?post=128496"},{"taxonomy":"post_tag","embeddable":true,"href":"https:\/\/www.europesays.com\/se\/wp-json\/wp\/v2\/tags?post=128496"}],"curies":[{"name":"wp","href":"https:\/\/api.w.org\/{rel}","templated":true}]}}