{"id":128507,"date":"2026-01-07T14:25:21","date_gmt":"2026-01-07T14:25:21","guid":{"rendered":"https:\/\/www.europesays.com\/se\/128507\/"},"modified":"2026-01-07T14:25:21","modified_gmt":"2026-01-07T14:25:21","slug":"italien-har-svangt-om-frihandelsavtal-2","status":"publish","type":"post","link":"https:\/\/www.europesays.com\/se\/128507\/","title":{"rendered":"Italien har sv\u00e4ngt om frihandelsavtal"},"content":{"rendered":"<p>&#13;<br \/>\n                                            &#13;<\/p>\n<p class=\"summary\"><strong><\/p>\n<p>P\u00e5 fredag ska EU-ambassad\u00f6rer h\u00e5lla en omr\u00f6stning om Mercosuravlatet. Och enligt k\u00e4llor verkar Italien ha sv\u00e4ngt i fr\u00e5gan.<\/p>\n<p>&#13;<br \/>\n<\/strong><\/p>\n<p>&#13;<br \/>\n                                            <img decoding=\"async\" alt=\"\" src=\"https:\/\/www.europesays.com\/se\/wp-content\/uploads\/2026\/01\/1767795921_240_getimage.aspx.jpeg\"\/>&#13;<br \/>\nHandelsavtalet omfattar f\u00f6rutom EU de sydamerikanska l\u00e4nderna Argentina, Brasilien, Paraguay och Uruguay. Och efter 25 \u00e5r av f\u00f6rhandlingar r\u00e5der fram tills nu fortfarande oenighet bland EUs medlemsl\u00e4nder kring avtalet. Foto: Madeleine Rapp&#13;<br \/>\n&#13;<br \/>\n&#13;<\/p>\n<p>Idag, den 7 januari, ska EU:s jordbruksministrar tr\u00e4ffas och diskutera Mercusuravtalet och p\u00e5 fredag v\u00e4ntar en ny omr\u00f6stning mellan EU-ambassad\u00f6rer g\u00e4llande handelsavtalets framtid.<\/p>\n<p>&#13;<br \/>\n&#13;<\/p>\n<p>Det var egentligen t\u00e4nkt att avtalet skulle vara undertecknat redan innan jul. Men flera l\u00e4nder d\u00e4ribland Frankrike och Polen har varit tveksamma till avtalet sedan innan, s\u00e5 \u00e4ven Italien som strax innan undertecknandet bad om mer tid f\u00f6r att reda ut kvarst\u00e5ende fr\u00e5getecken.<\/p>\n<p>&#13;<br \/>\n&#13;<\/p>\n<p>\u2013 Den italienska regeringen \u00e4r redo att underteckna avtalet s\u00e5 snart de n\u00f6dv\u00e4ndiga svaren har getts till jordbrukarna. Detta beror p\u00e5 Europeiska kommissionens beslut och kan fastst\u00e4llas inom en kort tidsram, sade Italiens president Meloni d\u00e5 efter att ha pratat med Brasiliens president Luiz In\u00e1cio Lula da Silva.\u00a0<\/p>\n<p>&#13;<br \/>\n&#13;<br \/>\nViktig omr\u00f6stning&#13;<br \/>\n&#13;<\/p>\n<p>Enligt k\u00e4llor till Bloomberg ryktas det nu om att Italien ska ha sv\u00e4ngt och att de nu \u00e4r med p\u00e5 t\u00e5get. Och blir det ett bifall under m\u00e5ndagens omr\u00f6stning kan EU komma att skriva under avtalet redan p\u00e5 m\u00e5ndag den 12 januari.<\/p>\n<p>&#13;<br \/>\n&#13;<br \/>\n&#13;<br \/>\n&#13;<br \/>\n&#13;<\/p>\n<p>\u00a0<\/p>\n<p>&#13;<br \/>\n&#13;<\/p>\n<p>Artikeln publicerades onsdag den 07 januari 2026<\/p>\n<p>&#13;<\/p>\n<p>&#13;<br \/>\n                                               &#8211; -&#13;<br \/>\n                                               -&#13;\n                                            <\/p>\n<p>&#13;<\/p>\n","protected":false},"excerpt":{"rendered":"&#13; &#13; P\u00e5 fredag ska EU-ambassad\u00f6rer h\u00e5lla en omr\u00f6stning om Mercosuravlatet. Och enligt k\u00e4llor verkar Italien ha sv\u00e4ngt&hellip;\n","protected":false},"author":2,"featured_media":128508,"comment_status":"","ping_status":"","sticky":false,"template":"","format":"standard","meta":{"footnotes":""},"categories":[14],"tags":[22,23,26,27,17,21,24,25,28,29,15,16,18,34,31,33,32,30,19,20,51,52,53,54],"class_list":{"0":"post-128507","1":"post","2":"type-post","3":"status-publish","4":"format-standard","5":"has-post-thumbnail","7":"category-varlden","8":"tag-breaking-news","9":"tag-breakingnews","10":"tag-featured-news","11":"tag-featurednews","12":"tag-headlines","13":"tag-huvudnyheter","14":"tag-latest-news","15":"tag-latestnews","16":"tag-main-news","17":"tag-mainnews","18":"tag-news","19":"tag-nyheter","20":"tag-rubriker","21":"tag-se","22":"tag-svenska","23":"tag-sverige","24":"tag-sweden","25":"tag-swedish","26":"tag-top-stories","27":"tag-topstories","28":"tag-varlden","29":"tag-world","30":"tag-world-news","31":"tag-worldnews"},"share_on_mastodon":{"url":"https:\/\/pubeurope.com\/@se\/115854280277208286","error":""},"_links":{"self":[{"href":"https:\/\/www.europesays.com\/se\/wp-json\/wp\/v2\/posts\/128507","targetHints":{"allow":["GET"]}}],"collection":[{"href":"https:\/\/www.europesays.com\/se\/wp-json\/wp\/v2\/posts"}],"about":[{"href":"https:\/\/www.europesays.com\/se\/wp-json\/wp\/v2\/types\/post"}],"author":[{"embeddable":true,"href":"https:\/\/www.europesays.com\/se\/wp-json\/wp\/v2\/users\/2"}],"replies":[{"embeddable":true,"href":"https:\/\/www.europesays.com\/se\/wp-json\/wp\/v2\/comments?post=128507"}],"version-history":[{"count":0,"href":"https:\/\/www.europesays.com\/se\/wp-json\/wp\/v2\/posts\/128507\/revisions"}],"wp:featuredmedia":[{"embeddable":true,"href":"https:\/\/www.europesays.com\/se\/wp-json\/wp\/v2\/media\/128508"}],"wp:attachment":[{"href":"https:\/\/www.europesays.com\/se\/wp-json\/wp\/v2\/media?parent=128507"}],"wp:term":[{"taxonomy":"category","embeddable":true,"href":"https:\/\/www.europesays.com\/se\/wp-json\/wp\/v2\/categories?post=128507"},{"taxonomy":"post_tag","embeddable":true,"href":"https:\/\/www.europesays.com\/se\/wp-json\/wp\/v2\/tags?post=128507"}],"curies":[{"name":"wp","href":"https:\/\/api.w.org\/{rel}","templated":true}]}}