{"id":128509,"date":"2026-01-07T14:26:09","date_gmt":"2026-01-07T14:26:09","guid":{"rendered":"https:\/\/www.europesays.com\/se\/128509\/"},"modified":"2026-01-07T14:26:09","modified_gmt":"2026-01-07T14:26:09","slug":"snorojning-pagar-i-hela-kommunen","status":"publish","type":"post","link":"https:\/\/www.europesays.com\/se\/128509\/","title":{"rendered":"Sn\u00f6r\u00f6jning p\u00e5g\u00e5r i hela kommunen"},"content":{"rendered":"<p class=\"normal\">Det ih\u00e5llande sn\u00f6fallet har medf\u00f6rt att prioriterade str\u00e4ckor har beh\u00f6vt sn\u00f6r\u00f6jas flera g\u00e5nger, vilket kan inneb\u00e4ra att vissa villagator f\u00e5tt v\u00e4nta l\u00e4ngre \u00e4n vanligt. Samtidigt har vi haft flera vattenl\u00e4ckor som ocks\u00e5 har kr\u00e4vt resurser.<\/p>\n<p class=\"normal\">M\u00e5let \u00e4r att samtliga kommunala gator ska vara sn\u00f6r\u00f6jda inom kort. Vid kraftigt och l\u00e5ngvarigt sn\u00f6fall kan sn\u00f6r\u00f6jningen dock ta l\u00e4ngre tid \u00e4n normalt.<\/p>\n<p>Hj\u00e4lp g\u00e4rna till<\/p>\n<p class=\"normal\">F\u00f6r att underl\u00e4tta f\u00f6r v\u00e5ra maskiner ber vi dig att parkera bilen p\u00e5 den egna fastigheten. Vi uppskattar \u00e4ven om du kan skotta framf\u00f6r brevl\u00e5da, vid sopk\u00e4rl och p\u00e5 trottoaren intill din fastighet, s\u00e5 att brevb\u00e4rare och soph\u00e4mtning kommer fram.<\/p>\n<p class=\"normal\"><a href=\"https:\/\/kommun.varnamo.se\/bygga-bo-miljo-och-trafik\/trafik-och-infrastruktur\/snorojning.html\" rel=\"nofollow noopener\" target=\"_blank\">Mer om hur vi arbetar med sn\u00f6r\u00f6jning hittar du p\u00e5 sidan sn\u00f6r\u00f6jning.<\/a><\/p>\n","protected":false},"excerpt":{"rendered":"Det ih\u00e5llande sn\u00f6fallet har medf\u00f6rt att prioriterade str\u00e4ckor har beh\u00f6vt sn\u00f6r\u00f6jas flera g\u00e5nger, vilket kan inneb\u00e4ra att vissa&hellip;\n","protected":false},"author":2,"featured_media":128510,"comment_status":"","ping_status":"","sticky":false,"template":"","format":"standard","meta":{"footnotes":""},"categories":[12],"tags":[22,23,26,27,17,21,24,25,28,29,15,16,18,34,12864,13255,31,33,32,30,19,20],"class_list":{"0":"post-128509","1":"post","2":"type-post","3":"status-publish","4":"format-standard","5":"has-post-thumbnail","7":"category-sverige","8":"tag-breaking-news","9":"tag-breakingnews","10":"tag-featured-news","11":"tag-featurednews","12":"tag-headlines","13":"tag-huvudnyheter","14":"tag-latest-news","15":"tag-latestnews","16":"tag-main-news","17":"tag-mainnews","18":"tag-news","19":"tag-nyheter","20":"tag-rubriker","21":"tag-se","22":"tag-sno","23":"tag-snorojning","24":"tag-svenska","25":"tag-sverige","26":"tag-sweden","27":"tag-swedish","28":"tag-top-stories","29":"tag-topstories"},"share_on_mastodon":{"url":"https:\/\/pubeurope.com\/@se\/115854284210900244","error":""},"_links":{"self":[{"href":"https:\/\/www.europesays.com\/se\/wp-json\/wp\/v2\/posts\/128509","targetHints":{"allow":["GET"]}}],"collection":[{"href":"https:\/\/www.europesays.com\/se\/wp-json\/wp\/v2\/posts"}],"about":[{"href":"https:\/\/www.europesays.com\/se\/wp-json\/wp\/v2\/types\/post"}],"author":[{"embeddable":true,"href":"https:\/\/www.europesays.com\/se\/wp-json\/wp\/v2\/users\/2"}],"replies":[{"embeddable":true,"href":"https:\/\/www.europesays.com\/se\/wp-json\/wp\/v2\/comments?post=128509"}],"version-history":[{"count":0,"href":"https:\/\/www.europesays.com\/se\/wp-json\/wp\/v2\/posts\/128509\/revisions"}],"wp:featuredmedia":[{"embeddable":true,"href":"https:\/\/www.europesays.com\/se\/wp-json\/wp\/v2\/media\/128510"}],"wp:attachment":[{"href":"https:\/\/www.europesays.com\/se\/wp-json\/wp\/v2\/media?parent=128509"}],"wp:term":[{"taxonomy":"category","embeddable":true,"href":"https:\/\/www.europesays.com\/se\/wp-json\/wp\/v2\/categories?post=128509"},{"taxonomy":"post_tag","embeddable":true,"href":"https:\/\/www.europesays.com\/se\/wp-json\/wp\/v2\/tags?post=128509"}],"curies":[{"name":"wp","href":"https:\/\/api.w.org\/{rel}","templated":true}]}}