{"id":128511,"date":"2026-01-07T14:27:15","date_gmt":"2026-01-07T14:27:15","guid":{"rendered":"https:\/\/www.europesays.com\/se\/128511\/"},"modified":"2026-01-07T14:27:15","modified_gmt":"2026-01-07T14:27:15","slug":"dra-in-uppehallstillstand-utmanar-rattsstaten","status":"publish","type":"post","link":"https:\/\/www.europesays.com\/se\/128511\/","title":{"rendered":"Dra in uppeh\u00e5llstillst\u00e5nd utmanar r\u00e4ttsstaten"},"content":{"rendered":"<p>share-arrowDela<\/p>\n<p>unsaveSpara<\/p>\n<p>expand-left<\/p>\n<p>helsk\u00e4rm<img decoding=\"async\" class=\"image-asset hyperion-css-u06ts1\" data-test-tag=\"image-asset\" src=\"https:\/\/www.europesays.com\/se\/wp-content\/uploads\/2026\/01\/3853fd2c-b1a8-4bcd-82d4-db6b4d525094.jpeg\"  alt=\"Migrationsminister Johan Forssell.\"  loading=\"eager\" fetchpriority=\"high\" style=\"aspect-ratio:1900 \/ 1267\"\/>Migrationsminister Johan Forssell. Foto: Carolina Byrmo<\/p>\n<p class=\"hyperion-css-1shl3oz\" data-test-tag=\"lead-text\">Den demokratiska r\u00e4ttsstaten utmanas. <\/p>\n<p class=\"hyperion-css-1shl3oz\" data-test-tag=\"lead-text\">G\u00f6teborgs universitet har, p\u00e5 goda grunder, starka \u00e5sikter om f\u00f6rslaget att \u00e4ndra permanenta uppeh\u00e5llstillst\u00e5nd till tidsbegr\u00e4nsade. <\/p>\n<p class=\"hyperion-css-1v9qo5x\">En utredning om de permanenta uppeh\u00e5llstillst\u00e5nden presenterades f\u00f6r migrationsminister Johan Forssell i slutet p\u00e5 september.<\/p>\n<p class=\"hyperion-css-1v9qo5x\">Tanken \u00e4r att uppemot 130\u00a0000 personer ska ber\u00f6vas r\u00e4tten att under obegr\u00e4nsad tid bo och arbeta i  Sverige och i st\u00e4llet f\u00e5 tidsbegr\u00e4nsade uppeh\u00e5llstillst\u00e5nd. <\/p>\n<p class=\"hyperion-css-1v9qo5x\">\u00d6ver en natt skulle m\u00e5nga m\u00e4nniskor med andra ord g\u00e5 fr\u00e5n att ha en trygg f\u00f6rankring i Sverige, med allt vad det inneb\u00e4r av att kunna planera sitt liv, till os\u00e4kerhet.   <\/p>\n<p class=\"hyperion-css-1v9qo5x\">Remissinstanser har dock inte l\u00e5tit sig f\u00f6rf\u00f6ras av regeringens utl\u00e4ggningar om att motivet till f\u00f6r\u00e4ndringen \u00e4r att bryta utanf\u00f6rskap.<\/p>\n<p class=\"hyperion-css-1v9qo5x\"><strong>Ta bara vad <\/strong>Juridiska institutionen vid <a data-test-tag=\"internal-link\" href=\"https:\/\/www.aftonbladet.se\/tagg\/goteborgs-universitet\" class=\"hyperion-css-15jkft9\" rel=\"nofollow noopener\" target=\"\" aria-label=\"G\u00f6teborgs universitet\">G\u00f6teborgs universitet<\/a> har att anf\u00f6ra.<\/p>\n<p class=\"hyperion-css-1v9qo5x\">Tv\u00e5 professorer h\u00e4vdar att f\u00f6rslaget \u201dst\u00e5r i strid med grundl\u00e4ggande r\u00e4ttsstatliga principer\u201d, principer som \u201dutg\u00f6r centrala skyddsmekanismer mot godtycklig maktut\u00f6vning och \u00e4r grundl\u00e4ggande f\u00f6r den demokratiska r\u00e4ttstatens funktion\u201d.<\/p>\n<p class=\"hyperion-css-1v9qo5x\">Experterna g\u00e5r med andra ord s\u00e5 l\u00e5ngt att de, \u00f6versatt fr\u00e5n juridiska till kv\u00e4llstidningsprosa, p\u00e5st\u00e5r att demokratins grundl\u00e4ggande skydd utmanas.<\/p>\n<p>expand-left<\/p>\n<p>helsk\u00e4rm<img decoding=\"async\" class=\"image-asset hyperion-css-u06ts1\" data-test-tag=\"image-asset\" src=\"https:\/\/www.europesays.com\/se\/wp-content\/uploads\/2026\/01\/dbfab891-1049-490d-b018-e2a9a0ffe954.jpeg\"  alt=\"G\u00f6teborgs universitet.\"  loading=\"eager\" fetchpriority=\"high\" style=\"aspect-ratio:1900 \/ 1325\"\/>G\u00f6teborgs universitet. Foto: Arne Bergqvist<\/p>\n<p class=\"hyperion-css-1v9qo5x\">Jag ska inte pl\u00e5ga l\u00e4saren med att \u00e5terge remissinstansens komplicerade resonemang om m\u00f6jligheterna i svensk r\u00e4tt att inf\u00f6ra retroaktivt verkande lag.<\/p>\n<p class=\"hyperion-css-1v9qo5x\">Det \u00e4r fullt tillr\u00e4ckligt att konstatera att universitetet anser att utredningens slutsats om s\u00e5dana best\u00e4mmelser \u00e4r \u201dytterst tveksamt\u201d.<\/p>\n<p class=\"hyperion-css-1v9qo5x\">Salva efter salva avlossas:<\/p>\n<p class=\"hyperion-css-1v9qo5x\">\u201d\u2026\u00a0principiellt skifte bort fr\u00e5n den demokratiska r\u00e4ttsstatens etablerade grundv\u00e4rden\u201d \u2026\u00a0konstitutionella garantier som syftar till att motverka godtycklig och of\u00f6rutsebar maktut\u00f6vning riskeras\u201d \u2026\u00a0\u201dallvarligt undergr\u00e4va allm\u00e4nhetens f\u00f6rtroende f\u00f6r r\u00e4ttssystemet\u201d\u2026<\/p>\n<p class=\"hyperion-css-1v9qo5x\"><strong>Juristerna avslutar s\u00e5gningen<\/strong> med en reflektion \u00f6ver att utredningen inte kunnat finna n\u00e5got annat j\u00e4mf\u00f6rbart land som gjort en f\u00f6r\u00e4ndring av det h\u00e4r slaget.<\/p>\n<p class=\"hyperion-css-1v9qo5x\">Det \u201df\u00e5r anses ha sin f\u00f6rklaring i ljuset av att andra j\u00e4mf\u00f6rbara l\u00e4nder respekterar r\u00e4ttsstatliga funktioner\u201d. Aj. <\/p>\n<p class=\"hyperion-css-1v9qo5x\">Nu \u00e4r det inte bara ett universitet som har inv\u00e4ndningar. JK ifr\u00e5gas\u00e4tter om f\u00f6rslaget lever upp till Europakonventionen och JO anser att det \u00e4r \u201dsystemfr\u00e4mmande f\u00f6r den svenska r\u00e4ttsordningen\u201d.<\/p>\n<p class=\"hyperion-css-1v9qo5x\">Och jag har tidigare ber\u00e4ttat att<a data-test-tag=\"internal-link\" href=\"https:\/\/www.aftonbladet.se\/nyheter\/kolumnister\/a\/Okna4q\/forslaget-om-att-dra-in-permanenta-uppehallstillstand-sagas\" class=\"hyperion-css-15jkft9\" rel=\"nofollow noopener\" target=\"\" aria-label=\" Domstolsverket \"> Domstolsverket <\/a>ifr\u00e5gas\u00e4tter om det ens finns r\u00e4ttsliga f\u00f6ruts\u00e4ttningar f\u00f6r att \u00e5terkalla permanenta uppeh\u00e5llstillst\u00e5nd. <\/p>\n<p class=\"hyperion-css-1v9qo5x\">Att f\u00f6rslaget humanit\u00e4rt l\u00e4mnar en hel del \u00f6vrigt att \u00f6nska bryr sig samtiden knappast om, men det \u00e4r en juridiskt underm\u00e5lig produkt som mycket v\u00e4l kan sl\u00e4ngas i papperskorgen efter att domstol konstaterat att den bryter mot grundlagen.<\/p>\n<p class=\"hyperion-css-1v9qo5x\"><strong>Det vore synnerligen <\/strong>dumt av regeringen att g\u00e5 vidare med det h\u00e4r el\u00e4ndet.<\/p>\n","protected":false},"excerpt":{"rendered":"share-arrowDela unsaveSpara expand-left helsk\u00e4rmMigrationsminister Johan Forssell. Foto: Carolina Byrmo Den demokratiska r\u00e4ttsstaten utmanas. G\u00f6teborgs universitet har, p\u00e5 goda&hellip;\n","protected":false},"author":2,"featured_media":128512,"comment_status":"","ping_status":"","sticky":false,"template":"","format":"standard","meta":{"footnotes":""},"categories":[5],"tags":[22,23,26,27,17,21,24,25,28,29,15,16,18,34,31,33,32,30,19,20],"class_list":{"0":"post-128511","1":"post","2":"type-post","3":"status-publish","4":"format-standard","5":"has-post-thumbnail","7":"category-rubriker","8":"tag-breaking-news","9":"tag-breakingnews","10":"tag-featured-news","11":"tag-featurednews","12":"tag-headlines","13":"tag-huvudnyheter","14":"tag-latest-news","15":"tag-latestnews","16":"tag-main-news","17":"tag-mainnews","18":"tag-news","19":"tag-nyheter","20":"tag-rubriker","21":"tag-se","22":"tag-svenska","23":"tag-sverige","24":"tag-sweden","25":"tag-swedish","26":"tag-top-stories","27":"tag-topstories"},"share_on_mastodon":{"url":"https:\/\/pubeurope.com\/@se\/115854288171904022","error":""},"_links":{"self":[{"href":"https:\/\/www.europesays.com\/se\/wp-json\/wp\/v2\/posts\/128511","targetHints":{"allow":["GET"]}}],"collection":[{"href":"https:\/\/www.europesays.com\/se\/wp-json\/wp\/v2\/posts"}],"about":[{"href":"https:\/\/www.europesays.com\/se\/wp-json\/wp\/v2\/types\/post"}],"author":[{"embeddable":true,"href":"https:\/\/www.europesays.com\/se\/wp-json\/wp\/v2\/users\/2"}],"replies":[{"embeddable":true,"href":"https:\/\/www.europesays.com\/se\/wp-json\/wp\/v2\/comments?post=128511"}],"version-history":[{"count":0,"href":"https:\/\/www.europesays.com\/se\/wp-json\/wp\/v2\/posts\/128511\/revisions"}],"wp:featuredmedia":[{"embeddable":true,"href":"https:\/\/www.europesays.com\/se\/wp-json\/wp\/v2\/media\/128512"}],"wp:attachment":[{"href":"https:\/\/www.europesays.com\/se\/wp-json\/wp\/v2\/media?parent=128511"}],"wp:term":[{"taxonomy":"category","embeddable":true,"href":"https:\/\/www.europesays.com\/se\/wp-json\/wp\/v2\/categories?post=128511"},{"taxonomy":"post_tag","embeddable":true,"href":"https:\/\/www.europesays.com\/se\/wp-json\/wp\/v2\/tags?post=128511"}],"curies":[{"name":"wp","href":"https:\/\/api.w.org\/{rel}","templated":true}]}}