{"id":128515,"date":"2026-01-07T14:29:08","date_gmt":"2026-01-07T14:29:08","guid":{"rendered":"https:\/\/www.europesays.com\/se\/128515\/"},"modified":"2026-01-07T14:29:08","modified_gmt":"2026-01-07T14:29:08","slug":"starka-vindar-orsakar-forandringar-i-varldscupen-i-skidskytte-har-ar-de-nya-sandningstiderna-sport","status":"publish","type":"post","link":"https:\/\/www.europesays.com\/se\/128515\/","title":{"rendered":"Starka vindar orsakar f\u00f6r\u00e4ndringar i v\u00e4rldscupen i skidskytte \u2013 h\u00e4r \u00e4r de nya s\u00e4ndningstiderna | Sport"},"content":{"rendered":"<p class=\"aw-1gybjub aw-5vja16 kEtdKx kmuxyA yle__article__paragraph\">V\u00e4rldscupen i skidskytte forts\u00e4tter den h\u00e4r veckan i Oberhof, Tyskland.<\/p>\n<p><img decoding=\"async\" alt=\"Suvi Minkkinen i ett st\u00e5ende skytte.\" src=\"https:\/\/www.europesays.com\/se\/wp-content\/uploads\/2026\/01\/39-157300069468cc29e8d1.jpeg\" class=\"aw-1l9m598 hKVVvP\"\/><\/p>\n<p>\u00d6ppna bildvisare<\/p>\n<p>Damernas sprint flyttar fr\u00e5n fredag till torsdag. Bild: EPA-EFELyssna (du h\u00f6r en artificiell r\u00f6st) 1:02<\/p>\n<p class=\"aw-1gybjub aw-1p7kakr kEtdKx cEmitX yle__article__paragraph\">T\u00e4vlingsprogrammet i Oberhof har \u00e4ndrats p\u00e5 grund av d\u00e5ligt v\u00e4der och starka vindar.<\/p>\n<p class=\"aw-1gybjub aw-1p7kakr kEtdKx cEmitX yle__article__paragraph\">Damernas sprint, som egentligen skulle ha varit p\u00e5 fredag, flyttas till torsdag. Herrarnas sprint p\u00e5 torsdag b\u00f6rjar tidigare \u00e4n planerat.<\/p>\n<p class=\"aw-1gybjub aw-1p7kakr kEtdKx cEmitX yle__article__paragraph\">Herrarna startar nu klockan 12.30 och damerna klockan 15.15. B\u00e5da t\u00e4vlingarna s\u00e4nds direkt p\u00e5 TV2 och Yle Arenan.<\/p>\n<p class=\"aw-1gybjub aw-1p7kakr kEtdKx cEmitX yle__article__paragraph\">V\u00e4dret har \u00e4ven tidigare orsakat problem i Oberhof. N\u00e4sta s\u00e4song, samt under v\u00e5rvintern 2028 och 2030, avg\u00f6rs t\u00e4vlingarna i Oberhof f\u00f6rst i mars. \u00c5r 2029 h\u00e5lls t\u00e4vlingarna i slutet av februari.<\/p>\n<p class=\"aw-1gybjub aw-1p7kakr kEtdKx cEmitX yle__article__paragraph\">Till minne av Sivert Guttorm Bakken, som gick bort f\u00f6re jul, h\u00e5lls en minnesceremoni p\u00e5 torsdag f\u00f6re herrarnas sprint.<\/p>\n","protected":false},"excerpt":{"rendered":"V\u00e4rldscupen i skidskytte forts\u00e4tter den h\u00e4r veckan i Oberhof, Tyskland. \u00d6ppna bildvisare Damernas sprint flyttar fr\u00e5n fredag till&hellip;\n","protected":false},"author":2,"featured_media":128516,"comment_status":"","ping_status":"","sticky":false,"template":"","format":"standard","meta":{"footnotes":""},"categories":[68],"tags":[13259,34,3420,111,110,13260,31,33,32,30,13258,579],"class_list":{"0":"post-128515","1":"post","2":"type-post","3":"status-publish","4":"format-standard","5":"has-post-thumbnail","7":"category-sport","8":"tag-oberhof","9":"tag-se","10":"tag-skidskytte","11":"tag-sport","12":"tag-sports","13":"tag-suvi-minkkinen","14":"tag-svenska","15":"tag-sverige","16":"tag-sweden","17":"tag-swedish","18":"tag-varldscupen-i-skidskytte","19":"tag-yle-sporten"},"share_on_mastodon":{"url":"https:\/\/pubeurope.com\/@se\/115854295844639879","error":""},"_links":{"self":[{"href":"https:\/\/www.europesays.com\/se\/wp-json\/wp\/v2\/posts\/128515","targetHints":{"allow":["GET"]}}],"collection":[{"href":"https:\/\/www.europesays.com\/se\/wp-json\/wp\/v2\/posts"}],"about":[{"href":"https:\/\/www.europesays.com\/se\/wp-json\/wp\/v2\/types\/post"}],"author":[{"embeddable":true,"href":"https:\/\/www.europesays.com\/se\/wp-json\/wp\/v2\/users\/2"}],"replies":[{"embeddable":true,"href":"https:\/\/www.europesays.com\/se\/wp-json\/wp\/v2\/comments?post=128515"}],"version-history":[{"count":0,"href":"https:\/\/www.europesays.com\/se\/wp-json\/wp\/v2\/posts\/128515\/revisions"}],"wp:featuredmedia":[{"embeddable":true,"href":"https:\/\/www.europesays.com\/se\/wp-json\/wp\/v2\/media\/128516"}],"wp:attachment":[{"href":"https:\/\/www.europesays.com\/se\/wp-json\/wp\/v2\/media?parent=128515"}],"wp:term":[{"taxonomy":"category","embeddable":true,"href":"https:\/\/www.europesays.com\/se\/wp-json\/wp\/v2\/categories?post=128515"},{"taxonomy":"post_tag","embeddable":true,"href":"https:\/\/www.europesays.com\/se\/wp-json\/wp\/v2\/tags?post=128515"}],"curies":[{"name":"wp","href":"https:\/\/api.w.org\/{rel}","templated":true}]}}