{"id":128517,"date":"2026-01-07T14:31:05","date_gmt":"2026-01-07T14:31:05","guid":{"rendered":"https:\/\/www.europesays.com\/se\/128517\/"},"modified":"2026-01-07T14:31:05","modified_gmt":"2026-01-07T14:31:05","slug":"7-basta-earbuds-och-horlurar-pa-ces-2026-fran-formskiftande-oppna-earbuds-till-lurar-som-vrids-till-en-hogtalare-techradar","status":"publish","type":"post","link":"https:\/\/www.europesays.com\/se\/128517\/","title":{"rendered":"7 b\u00e4sta earbuds och h\u00f6rlurar p\u00e5 CES 2026 \u2013 fr\u00e5n formskiftande \u00f6ppna earbuds till lurar som vrids till en h\u00f6gtalare &#8211; TechRadar"},"content":{"rendered":"<ol>\n<li><a href=\"https:\/\/news.google.com\/rss\/articles\/CBMi_gFBVV95cUxNcnVOMnNBcXlJdWVsamFfcWEwajdDMU9xQ3BGVk85dUdRSFVwamw2R0U2SzRtWlpSMHFpSGZ6X2VnbXhKRm9DTjlBcVcwRVFoUWhZWUZNeUxNMzh3am9oZVRmX0VocF9oX3k4dDdIcWhKV0hGVWQ3czRIV1dZQ05HS3A3WGNjV3NLYjdmajQzRnhPc3BFT1BKMjJ5M21QVjg5UHJ0WnM3VWpaZGhaOVhHV3pfZlFkRVVycUMxRUYxbHpjNWFhblZkTkp0MnRKYi1EUE13VU9xVVpSaUxrSmFrMGozR2UxODlWUHVEeTZUbURFd25NNTFtdE9HdnhFQQ?oc=5\" target=\"_blank\" rel=\"nofollow noopener\">7 b\u00e4sta earbuds och h\u00f6rlurar p\u00e5 CES 2026 \u2013 fr\u00e5n formskiftande \u00f6ppna earbuds till lurar som vrids till en h\u00f6gtalare<\/a>&nbsp;&nbsp;TechRadar<\/li>\n<li><a href=\"https:\/\/news.google.com\/rss\/articles\/CBMieEFVX3lxTE5Qby1xT1dGM3dteVlqQ0RDeG9vZFhFcUlvY2tmYnlQdlh5aEdaX3BOOUN2S2J2Vzl4azFSZnR3eTN1Y1BmRjlIczl1NnZSSHE4dW5zbExUdVhmU205UjlBZ0MwVl9ieGZwTkhQTXd3Mk5QM3RSYnpMcA?oc=5\" target=\"_blank\" rel=\"nofollow noopener\">Shokz sl\u00e4pper OpenFit Pro &#8211; nya open-ear h\u00f6rlurar med fetare ljud och smart brusreducering<\/a>&nbsp;&nbsp;dopest.se<\/li>\n<li><a href=\"https:\/\/news.google.com\/rss\/articles\/CBMizwFBVV95cUxPTGVBc1dxY09BdTZULUJlMFh2T01DMks5M2FRSUVydTdUdjRaUGxVeFo0cnd6d1FHeHB6M0c4bTlrSXNzTUM5RzEzSmxKa2NjR0JHeFFJcGpSUmRrSGYwcXJUQl9sczlVNmlZM1NzbDQ2bUxZMHJPUjFOQURSeEFXT0N3MTkzZEhianU5cHBHVDFtVFBvdjh4VzRlTzg1WHVRa21YNGFFTXJmbTZtNDlxOFJNNG9kZjJhcElTRlVENmZVcHM2N2V0aVdEMHNnd0k?oc=5\" target=\"_blank\" rel=\"nofollow noopener\">Shokz OpenFit Pro lanseras som varum\u00e4rkets f\u00f6rsta \u00f6ronsn\u00e4ckor med aktiv brusreducering<\/a>&nbsp;&nbsp;notebookcheck.se<\/li>\n<li><a href=\"https:\/\/news.google.com\/rss\/articles\/CBMigwJBVV95cUxNRXVpbjFpSE51ZUtOWkJ6QV9hWkF5aXAzSUYwYkwyaW94T2RWLXozUzFST013eUQ5aXRaUlBMZzZtYWVXc2dZUXRCczhSY0NlVTdTLTJfR2dCa3VMNXpMb1pCWlpxUFA2SkJkdUc5VFpCQnIyZnowdXl5azNkSkMwTWNBbnZTWS1sQi1rMTdDRUtOUkxkNG91d2swX2o2RnhTckswWGRoc1JOLUl0RGZ6TU9aMTJRTHE4cG5vUm9EVGM5eXdsMjBfYWh2Q1FNZ3dSV0R0bDBxUHpaWjFidFZ5MHZKTmtIbVY0d3hJY2V2WC1TRlpUNlprM256Wmp1czhfZmxN?oc=5\" target=\"_blank\" rel=\"nofollow noopener\">Jag har anv\u00e4nt de nya Shokz open earbuds i fyra dagar och \u201dbrusreduceringen\u201d \u00e4r s\u00e5 bra att jag gl\u00f6mmer att de \u00e4r \u00f6ppna<\/a>&nbsp;&nbsp;TechRadar<\/li>\n<\/ol>\n","protected":false},"excerpt":{"rendered":"7 b\u00e4sta earbuds och h\u00f6rlurar p\u00e5 CES 2026 \u2013 fr\u00e5n formskiftande \u00f6ppna earbuds till lurar som vrids till&hellip;\n","protected":false},"author":2,"featured_media":1096,"comment_status":"","ping_status":"","sticky":false,"template":"","format":"standard","meta":{"footnotes":""},"categories":[66],"tags":[80,78,79,34,31,33,32,30,81,84,83,82],"class_list":{"0":"post-128517","1":"post","2":"type-post","3":"status-publish","4":"format-standard","5":"has-post-thumbnail","7":"category-vetenskap-och-teknik","8":"tag-science","9":"tag-science-and-technology","10":"tag-scienceandtechnology","11":"tag-se","12":"tag-svenska","13":"tag-sverige","14":"tag-sweden","15":"tag-swedish","16":"tag-technology","17":"tag-teknik","18":"tag-vetenskap","19":"tag-vetenskapteknik"},"share_on_mastodon":{"url":"https:\/\/pubeurope.com\/@se\/115854303792774803","error":""},"_links":{"self":[{"href":"https:\/\/www.europesays.com\/se\/wp-json\/wp\/v2\/posts\/128517","targetHints":{"allow":["GET"]}}],"collection":[{"href":"https:\/\/www.europesays.com\/se\/wp-json\/wp\/v2\/posts"}],"about":[{"href":"https:\/\/www.europesays.com\/se\/wp-json\/wp\/v2\/types\/post"}],"author":[{"embeddable":true,"href":"https:\/\/www.europesays.com\/se\/wp-json\/wp\/v2\/users\/2"}],"replies":[{"embeddable":true,"href":"https:\/\/www.europesays.com\/se\/wp-json\/wp\/v2\/comments?post=128517"}],"version-history":[{"count":0,"href":"https:\/\/www.europesays.com\/se\/wp-json\/wp\/v2\/posts\/128517\/revisions"}],"wp:featuredmedia":[{"embeddable":true,"href":"https:\/\/www.europesays.com\/se\/wp-json\/wp\/v2\/media\/1096"}],"wp:attachment":[{"href":"https:\/\/www.europesays.com\/se\/wp-json\/wp\/v2\/media?parent=128517"}],"wp:term":[{"taxonomy":"category","embeddable":true,"href":"https:\/\/www.europesays.com\/se\/wp-json\/wp\/v2\/categories?post=128517"},{"taxonomy":"post_tag","embeddable":true,"href":"https:\/\/www.europesays.com\/se\/wp-json\/wp\/v2\/tags?post=128517"}],"curies":[{"name":"wp","href":"https:\/\/api.w.org\/{rel}","templated":true}]}}