{"id":128520,"date":"2026-01-07T14:33:13","date_gmt":"2026-01-07T14:33:13","guid":{"rendered":"https:\/\/www.europesays.com\/se\/128520\/"},"modified":"2026-01-07T14:33:13","modified_gmt":"2026-01-07T14:33:13","slug":"flera-personer-utsatta-for-ran-i-sina-bostader","status":"publish","type":"post","link":"https:\/\/www.europesays.com\/se\/128520\/","title":{"rendered":"Flera personer utsatta f\u00f6r r\u00e5n i sina bost\u00e4der"},"content":{"rendered":"<p>Polisen utreder just nu tv\u00e5 olika fall av r\u00e5n i Huskvarnaomr\u00e5det. R\u00e5nen har skett p\u00e5 liknande s\u00e4tt och polisen tror d\u00e4rf\u00f6r att de har ett samband. <\/p>\n<p>En eller flera personer har tagit sig in i bost\u00e4der d\u00e4r det varit boende hemma. Det handlar om tv\u00e5 m\u00e5ls\u00e4ganden d\u00e4r b\u00e5da \u00e4r \u00e4ldre personer, men ingen person har blivit allvarligt skadad, uppger polisen.<\/p>\n<p>Det f\u00f6rsta fallet intr\u00e4ffade under natten till ny\u00e5rsafton, och det andra tidigt p\u00e5 morgonen 7 januari.<\/p>\n<p>G\u00e4rningspersonerna \u00e4r misst\u00e4nkta f\u00f6r r\u00e5n, men polisen vill i nul\u00e4get inte kommentera inte vad eller om g\u00e4rningspersonerna stulit n\u00e5got. Man ber\u00e4ttar heller inte hur sj\u00e4lva g\u00e4rningen g\u00e5tt till.<\/p>\n","protected":false},"excerpt":{"rendered":"Polisen utreder just nu tv\u00e5 olika fall av r\u00e5n i Huskvarnaomr\u00e5det. R\u00e5nen har skett p\u00e5 liknande s\u00e4tt och&hellip;\n","protected":false},"author":2,"featured_media":793,"comment_status":"","ping_status":"","sticky":false,"template":"","format":"standard","meta":{"footnotes":""},"categories":[14],"tags":[22,23,26,27,17,21,24,25,28,29,15,16,18,34,31,33,32,30,19,20,51,52,53,54],"class_list":{"0":"post-128520","1":"post","2":"type-post","3":"status-publish","4":"format-standard","5":"has-post-thumbnail","7":"category-varlden","8":"tag-breaking-news","9":"tag-breakingnews","10":"tag-featured-news","11":"tag-featurednews","12":"tag-headlines","13":"tag-huvudnyheter","14":"tag-latest-news","15":"tag-latestnews","16":"tag-main-news","17":"tag-mainnews","18":"tag-news","19":"tag-nyheter","20":"tag-rubriker","21":"tag-se","22":"tag-svenska","23":"tag-sverige","24":"tag-sweden","25":"tag-swedish","26":"tag-top-stories","27":"tag-topstories","28":"tag-varlden","29":"tag-world","30":"tag-world-news","31":"tag-worldnews"},"share_on_mastodon":{"url":"https:\/\/pubeurope.com\/@se\/115854311722051023","error":""},"_links":{"self":[{"href":"https:\/\/www.europesays.com\/se\/wp-json\/wp\/v2\/posts\/128520","targetHints":{"allow":["GET"]}}],"collection":[{"href":"https:\/\/www.europesays.com\/se\/wp-json\/wp\/v2\/posts"}],"about":[{"href":"https:\/\/www.europesays.com\/se\/wp-json\/wp\/v2\/types\/post"}],"author":[{"embeddable":true,"href":"https:\/\/www.europesays.com\/se\/wp-json\/wp\/v2\/users\/2"}],"replies":[{"embeddable":true,"href":"https:\/\/www.europesays.com\/se\/wp-json\/wp\/v2\/comments?post=128520"}],"version-history":[{"count":0,"href":"https:\/\/www.europesays.com\/se\/wp-json\/wp\/v2\/posts\/128520\/revisions"}],"wp:featuredmedia":[{"embeddable":true,"href":"https:\/\/www.europesays.com\/se\/wp-json\/wp\/v2\/media\/793"}],"wp:attachment":[{"href":"https:\/\/www.europesays.com\/se\/wp-json\/wp\/v2\/media?parent=128520"}],"wp:term":[{"taxonomy":"category","embeddable":true,"href":"https:\/\/www.europesays.com\/se\/wp-json\/wp\/v2\/categories?post=128520"},{"taxonomy":"post_tag","embeddable":true,"href":"https:\/\/www.europesays.com\/se\/wp-json\/wp\/v2\/tags?post=128520"}],"curies":[{"name":"wp","href":"https:\/\/api.w.org\/{rel}","templated":true}]}}