{"id":128521,"date":"2026-01-07T14:34:09","date_gmt":"2026-01-07T14:34:09","guid":{"rendered":"https:\/\/www.europesays.com\/se\/128521\/"},"modified":"2026-01-07T14:34:09","modified_gmt":"2026-01-07T14:34:09","slug":"anna-olskog-tre-ar-med-sveriges-larare-tre-ar-av-handlingskraft","status":"publish","type":"post","link":"https:\/\/www.europesays.com\/se\/128521\/","title":{"rendered":"Anna Olskog: Tre \u00e5r med Sveriges L\u00e4rare \u2013 tre \u00e5r av handlingskraft"},"content":{"rendered":"<p>Detta \u00e4r en kommenterande text. Det \u00e4r skribenten som st\u00e5r f\u00f6r \u00e5sikterna som f\u00f6rs fram.<\/p>\n<p style=\"font-weight: 400;\">Sveriges L\u00e4rare l\u00e4gger nu sitt tredje \u00e5r till handlingarna. P\u00e5 den h\u00e4r tiden har vi tillsammans etablerat oss som ett mer samlat och tydligare l\u00e4rarfack. Vi passerade tre\u00e5rsdagen vid \u00e5rsskiftet, och g\u00e5r nu in p\u00e5 \u00e5r fyra.<\/p>\n<p style=\"font-weight: 400;\">Ett av \u00e5rets st\u00f6rsta fackliga genombrott kom n\u00e4r <a href=\"https:\/\/www.vilarare.se\/nyheter\/arbetsratt\/gravida-lararna-forbjods-arbeta--far-full-kompensation\/\" rel=\"nofollow noopener\" target=\"_blank\">Arbetsdomstolen gick p\u00e5 Sveriges L\u00e4rares linje<\/a> och slog fast att gravida som f\u00f6rbj\u00f6ds att arbeta under pandemin har r\u00e4tt till full ers\u00e4ttning f\u00f6r sina inkomstf\u00f6rluster. Bakom domen l\u00e5g ett uth\u00e5lligt arbete d\u00e4r hela f\u00f6rbundet mobiliserade, fr\u00e5n lokala tvister till pr\u00f6vning p\u00e5 h\u00f6gsta niv\u00e5. Domen f\u00f6ljdes ocks\u00e5 av en \u00f6verenskommelse med SKR om ers\u00e4ttning till gravida medlemmar som inte till\u00e4ts arbeta under pandemin.<\/p>\n<p style=\"font-weight: 400;\">Och nu har vi i Sveriges L\u00e4rare ocks\u00e5 f\u00e5tt r\u00e4tt i de huvudsakliga delarna m\u00e5len mot staten av f\u00f6rsta instans, Stockholms tingsr\u00e4tt.<\/p>\n<p>P\u00e5verkar regelverket<\/p>\n<p style=\"font-weight: 400;\">Men det p\u00e5verkar inte bara de gravida som tvingades var hemma under pandemin Detta kommer p\u00e5verka det bristf\u00e4lligt utformade regelverket f\u00f6r ers\u00e4ttning till alla gravida anst\u00e4llda som inte kan jobba kvar av arbetsmilj\u00f6sk\u00e4l.<\/p>\n<p style=\"font-weight: 400;\">Detta \u00e4r d\u00e4rf\u00f6r mer \u00e4n en juridisk seger. Det \u00e4r ett tydligt besked om att Sveriges L\u00e4rare inte accepterar or\u00e4ttvisor. V\u00e5r framg\u00e5ng har v\u00e4ckt respekt och visat att v\u00e5r fackliga styrka inte bara p\u00e5verkar l\u00e4rarnas villkor, utan bidrar till hela den svenska fackf\u00f6reningsr\u00f6relsen.\u00a0Vi forts\u00e4tter att inte vika oss, utan \u00e4r beredda att g\u00f6ra vad vi kan f\u00f6r att v\u00e5ra medlemmar ska f\u00e5 den kompensation de har r\u00e4tt till.\u00a0Domen \u00e4r ett viktigt steg fram\u00e5t, men den \u00e4r inte slutpunkten. Sveriges L\u00e4rare kommer att forts\u00e4tta st\u00e5 fast och g\u00f6ra vad vi kan f\u00f6r att medlemmarna ska f\u00e5 den kompensation de har r\u00e4tt till. Arbetet forts\u00e4tter.<\/p>\n<p style=\"font-weight: 400;\">En r\u00f6d tr\u00e5d i f\u00f6rbundets p\u00e5verkansarbete har varit den av kongressen fastst\u00e4llda regleringsagendan, m\u00e5let om ett mer sammanh\u00e5llet och likv\u00e4rdigt skolv\u00e4sende med ett tydligare statligt ansvar. Ett s\u00e4rskilt viktigt steg har varit arbetet f\u00f6r en nationell reglering av l\u00e4rares planerings och undervisningstid. F\u00f6rbundet har lagt stor kraft p\u00e5 denna fr\u00e5ga, och vi har goda sk\u00e4l att hoppas att regeringen under v\u00e5ren 2026 \u00e4ntligen l\u00e4gger fram en proposition om statlig reglering.<\/p>\n<p>Vi ska vara en stark kraft<\/p>\n<p style=\"font-weight: 400;\">I tre \u00e5r har Sveriges L\u00e4rare samlat l\u00e4rark\u00e5rens intressen med tydlig vision och uppdrag. Sveriges L\u00e4rare ska vara en stark kraft som driver utvecklingen av utbildning och l\u00e4raryrket fram\u00e5t. V\u00e5rt fokus ligger p\u00e5 demokratiska v\u00e4rden, fackliga r\u00e4ttigheter och att s\u00e4kerst\u00e4lla goda yrkesvillkor genom medlemsengagemang och h\u00f6g facklig n\u00e4rvaro. V\u00e5ra k\u00e4rnfr\u00e5gor \u00e4r fortsatt arbetsmilj\u00f6, rimliga villkor, professionens v\u00e4rde och m\u00f6jligheten att g\u00f6ra ett bra jobb.<\/p>\n<p style=\"font-weight: 400;\">N\u00e4r vi den 1 januari 2023 tog plats med v\u00e5r nya logga var vi, b\u00e5de i f\u00e4rg och \u00e5lder, \u00e4nnu omogna. Handen symboliserar handlingskraft. Den \u00e4r v\u00e4gledande och handledande. En hand kan s\u00e4tta avtryck och s\u00e4tta stopp. Den kan p\u00e5peka och f\u00f6rst\u00e4rka n\u00e5got. Den g\u00e5r att h\u00e5lla i och den \u00e4r v\u00e4lkomnande. V\u00e5r f\u00e4rg \u00e4r givetvis fortsatt gr\u00f6n f\u00f6r vi forts\u00e4tter utvecklas och mogna.<\/p>\n<p>Tillsammans kan vi p\u00e5verka<\/p>\n<p style=\"font-weight: 400;\">Tre \u00e5r \u00e4r ingen l\u00e5ng tid, men det \u00e4r tillr\u00e4ckligt f\u00f6r att visa att n\u00e4r vi g\u00f6r v\u00e5rt fackliga uppdrag tillsammans kan vi p\u00e5verka, r\u00e4tta till och v\u00e4nda p\u00e5 saker. Jag ska tillsammans med andra forts\u00e4tta att g\u00f6ra vad jag kan.\u00a0<\/p>\n<p style=\"font-weight: 400;\">Vi g\u00e5r vidare mot 2026 med samma \u00f6vertygelse som har pr\u00e4glat oss hittills. Sveriges L\u00e4rares styrka \u00e4r avg\u00f6rande f\u00f6r Sveriges framtid. Nya\u00a0\u00e5r, nya tag. Nu fram\u00e5t!\u00a0<\/p>\n<p><strong>L\u00c4S MER:<\/strong><\/p>\n<p><a title=\"Anna Olskog: Skolan \u00e4r Sveriges viktigaste val\" href=\"https:\/\/www.vilarare.se\/nyheter\/ledarkronika\/anna-olskog-skolan-ar-sveriges-viktigaste-val\/\" rel=\"nofollow noopener\" target=\"_blank\">Anna Olskog: Skolan \u00e4r Sveriges viktigaste val<\/a><\/p>\n<p class=\"p5\"><a href=\"https:\/\/www.vilarare.se\/nyheter\/ledarkronika\/misstag-att-skara-pa-utbildning-i-demografins-namn\/\" rel=\"nofollow noopener\" target=\"_blank\">Anna Olskog: Misstag att sk\u00e4ra p\u00e5 utbildning i demografins namn<\/a><\/p>\n<p class=\"p5\"><a href=\"https:\/\/www.vilarare.se\/nyheter\/ledarkronika\/anna-olskog-liberalerna-famlar-mellan-caligula-och-klokskap\/\" rel=\"nofollow noopener\" target=\"_blank\">Anna Olskog: Liberalerna famlar mellan Caligula och klokskap<\/a><\/p>\n<p class=\"p5\"><a href=\"https:\/\/www.vilarare.se\/nyheter\/ledarkronika\/skolans-demokratiuppdrag-viktigare-an-nagonsin\/\" rel=\"nofollow noopener\" target=\"_blank\">Anna Olskog: Skolans demokratiuppdrag viktigare \u00e4n n\u00e5gonsin<\/a><\/p>\n","protected":false},"excerpt":{"rendered":"Detta \u00e4r en kommenterande text. Det \u00e4r skribenten som st\u00e5r f\u00f6r \u00e5sikterna som f\u00f6rs fram. Sveriges L\u00e4rare l\u00e4gger&hellip;\n","protected":false},"author":2,"featured_media":128522,"comment_status":"","ping_status":"","sticky":false,"template":"","format":"standard","meta":{"footnotes":""},"categories":[12],"tags":[22,23,26,27,17,21,24,25,28,29,15,16,18,34,31,33,32,30,19,20],"class_list":{"0":"post-128521","1":"post","2":"type-post","3":"status-publish","4":"format-standard","5":"has-post-thumbnail","7":"category-sverige","8":"tag-breaking-news","9":"tag-breakingnews","10":"tag-featured-news","11":"tag-featurednews","12":"tag-headlines","13":"tag-huvudnyheter","14":"tag-latest-news","15":"tag-latestnews","16":"tag-main-news","17":"tag-mainnews","18":"tag-news","19":"tag-nyheter","20":"tag-rubriker","21":"tag-se","22":"tag-svenska","23":"tag-sverige","24":"tag-sweden","25":"tag-swedish","26":"tag-top-stories","27":"tag-topstories"},"share_on_mastodon":{"url":"https:\/\/pubeurope.com\/@se\/115854315572813795","error":""},"_links":{"self":[{"href":"https:\/\/www.europesays.com\/se\/wp-json\/wp\/v2\/posts\/128521","targetHints":{"allow":["GET"]}}],"collection":[{"href":"https:\/\/www.europesays.com\/se\/wp-json\/wp\/v2\/posts"}],"about":[{"href":"https:\/\/www.europesays.com\/se\/wp-json\/wp\/v2\/types\/post"}],"author":[{"embeddable":true,"href":"https:\/\/www.europesays.com\/se\/wp-json\/wp\/v2\/users\/2"}],"replies":[{"embeddable":true,"href":"https:\/\/www.europesays.com\/se\/wp-json\/wp\/v2\/comments?post=128521"}],"version-history":[{"count":0,"href":"https:\/\/www.europesays.com\/se\/wp-json\/wp\/v2\/posts\/128521\/revisions"}],"wp:featuredmedia":[{"embeddable":true,"href":"https:\/\/www.europesays.com\/se\/wp-json\/wp\/v2\/media\/128522"}],"wp:attachment":[{"href":"https:\/\/www.europesays.com\/se\/wp-json\/wp\/v2\/media?parent=128521"}],"wp:term":[{"taxonomy":"category","embeddable":true,"href":"https:\/\/www.europesays.com\/se\/wp-json\/wp\/v2\/categories?post=128521"},{"taxonomy":"post_tag","embeddable":true,"href":"https:\/\/www.europesays.com\/se\/wp-json\/wp\/v2\/tags?post=128521"}],"curies":[{"name":"wp","href":"https:\/\/api.w.org\/{rel}","templated":true}]}}