{"id":128523,"date":"2026-01-07T14:35:15","date_gmt":"2026-01-07T14:35:15","guid":{"rendered":"https:\/\/www.europesays.com\/se\/128523\/"},"modified":"2026-01-07T14:35:15","modified_gmt":"2026-01-07T14:35:15","slug":"kvinna-haktad-for-mordforsok-pa-hemtjanstpersonal","status":"publish","type":"post","link":"https:\/\/www.europesays.com\/se\/128523\/","title":{"rendered":"Kvinna h\u00e4ktad f\u00f6r mordf\u00f6rs\u00f6k p\u00e5 hemtj\u00e4nstpersonal"},"content":{"rendered":"<p>Det var klockan 21.30 p\u00e5 l\u00f6rdagskv\u00e4llen som f\u00f6rbipasserande till flerfamiljshuset p\u00e5 N\u00e4rlunda i Helsingborg uppt\u00e4ckte en sv\u00e5rt stickskadad kvinna som jobbar inom hemtj\u00e4nsten. <\/p>\n<p>Kvinnan, som \u00e4r i 25-\u00e5rs \u00e5ldern, hade lyckats ta sig ut p\u00e5 gatan p\u00e5 egen hand. Enligt polisen hade hon d\u00e5 livshotande skador. I polisf\u00f6rh\u00f6r har hon ber\u00e4ttat om hur hon blev attackerad i jobbet av kvinnan hon kommit dit f\u00f6r att hj\u00e4lpa.<\/p>\n<p>Kniv hittades p\u00e5 platsen<\/p>\n<p>\u2013 Kvinnan gjorde \u00e4ven utfall med kniv mot polis n\u00e4r de skulle gripa henne i l\u00e4genheten, s\u00e4ger \u00e5klagare Joel Malmkvist.<\/p>\n<p>Den misst\u00e4nkte var berusad vid tillf\u00e4llet och misst\u00e4nks \u00e4ven f\u00f6r f\u00f6rs\u00f6k till grovt v\u00e5ld mot tj\u00e4nsteman. Hon s\u00e4ger i f\u00f6rh\u00f6r att hon knappt minns h\u00e4ndelsen och f\u00f6rnekar ansvar f\u00f6r brott. <\/p>\n<p>Kvinnan \u00e4r nu h\u00e4ktad och tv\u00e5ngsomh\u00e4ndertagen enligt lagen om psykiatrisk tv\u00e5ngsv\u00e5rd. <\/p>\n<p>\u2013 Nu ska vi h\u00f6ra alla igen. Bevisl\u00e4get ser gott ut i utredningen, s\u00e4ger Joel Malmkvist. <\/p>\n<p>25-\u00e5ringen kunde skrivas ut fr\u00e5n sjukhuset p\u00e5 s\u00f6ndagen. Att hon r\u00e4ddades kan enligt polisen ha berott p\u00e5 de livsr\u00e4ddande insatserna som gjordes p\u00e5 plats. <\/p>\n","protected":false},"excerpt":{"rendered":"Det var klockan 21.30 p\u00e5 l\u00f6rdagskv\u00e4llen som f\u00f6rbipasserande till flerfamiljshuset p\u00e5 N\u00e4rlunda i Helsingborg uppt\u00e4ckte en sv\u00e5rt stickskadad&hellip;\n","protected":false},"author":2,"featured_media":793,"comment_status":"","ping_status":"","sticky":false,"template":"","format":"standard","meta":{"footnotes":""},"categories":[5],"tags":[22,23,26,27,17,21,24,25,28,29,15,16,18,34,31,33,32,30,19,20],"class_list":{"0":"post-128523","1":"post","2":"type-post","3":"status-publish","4":"format-standard","5":"has-post-thumbnail","7":"category-rubriker","8":"tag-breaking-news","9":"tag-breakingnews","10":"tag-featured-news","11":"tag-featurednews","12":"tag-headlines","13":"tag-huvudnyheter","14":"tag-latest-news","15":"tag-latestnews","16":"tag-main-news","17":"tag-mainnews","18":"tag-news","19":"tag-nyheter","20":"tag-rubriker","21":"tag-se","22":"tag-svenska","23":"tag-sverige","24":"tag-sweden","25":"tag-swedish","26":"tag-top-stories","27":"tag-topstories"},"share_on_mastodon":{"url":"https:\/\/pubeurope.com\/@se\/115854319905662323","error":""},"_links":{"self":[{"href":"https:\/\/www.europesays.com\/se\/wp-json\/wp\/v2\/posts\/128523","targetHints":{"allow":["GET"]}}],"collection":[{"href":"https:\/\/www.europesays.com\/se\/wp-json\/wp\/v2\/posts"}],"about":[{"href":"https:\/\/www.europesays.com\/se\/wp-json\/wp\/v2\/types\/post"}],"author":[{"embeddable":true,"href":"https:\/\/www.europesays.com\/se\/wp-json\/wp\/v2\/users\/2"}],"replies":[{"embeddable":true,"href":"https:\/\/www.europesays.com\/se\/wp-json\/wp\/v2\/comments?post=128523"}],"version-history":[{"count":0,"href":"https:\/\/www.europesays.com\/se\/wp-json\/wp\/v2\/posts\/128523\/revisions"}],"wp:featuredmedia":[{"embeddable":true,"href":"https:\/\/www.europesays.com\/se\/wp-json\/wp\/v2\/media\/793"}],"wp:attachment":[{"href":"https:\/\/www.europesays.com\/se\/wp-json\/wp\/v2\/media?parent=128523"}],"wp:term":[{"taxonomy":"category","embeddable":true,"href":"https:\/\/www.europesays.com\/se\/wp-json\/wp\/v2\/categories?post=128523"},{"taxonomy":"post_tag","embeddable":true,"href":"https:\/\/www.europesays.com\/se\/wp-json\/wp\/v2\/tags?post=128523"}],"curies":[{"name":"wp","href":"https:\/\/api.w.org\/{rel}","templated":true}]}}