{"id":128531,"date":"2026-01-07T14:43:13","date_gmt":"2026-01-07T14:43:13","guid":{"rendered":"https:\/\/www.europesays.com\/se\/128531\/"},"modified":"2026-01-07T14:43:13","modified_gmt":"2026-01-07T14:43:13","slug":"ovader-i-vast-och-nya-snovarningar-aftonbladet","status":"publish","type":"post","link":"https:\/\/www.europesays.com\/se\/128531\/","title":{"rendered":"Ov\u00e4der i v\u00e4st \u2013 och nya sn\u00f6varningar &#8211; Aftonbladet"},"content":{"rendered":"<ol>\n<li><a href=\"https:\/\/news.google.com\/rss\/articles\/CBMikAFBVV95cUxQcVpvN2dFcWdPdTRzTlliNzBKSkpaRElkOVdkMmd5SFk1aGxCQTZyRHI1VExzYmk1UlJ4dGs3UDhRZlhJcGdzT0gzWjdlekNhRkNiWGxlZENoOXpzTTBVMDA2ZWItUVBPdHVicldQSmVYanpoYWVRTWxDWFQtUGVmMEtNTmhhSXV2SUxfRkZPbFg?oc=5\" target=\"_blank\" rel=\"nofollow noopener\">Ov\u00e4der i v\u00e4st \u2013 och nya sn\u00f6varningar<\/a>&nbsp;&nbsp;Aftonbladet<\/li>\n<li><a href=\"https:\/\/news.google.com\/rss\/articles\/CBMihAFBVV95cUxNVkZzTVZIQ0hLNHBXTWx2dkt4UC1hQjhmbXdHeFVTaHlfSzd3SlNVWmdibGxEeTdVTUhvUE1iS1UxLW5NaTE4b0hYbGh2OGFPMXQ1dUpaQXViS2lSZFFjUkE3VlA1b0QwekVaV1MtRU1NRWplX2x0ajBvYnNsWUtLbDVHSTI?oc=5\" target=\"_blank\" rel=\"nofollow noopener\">Liverapportering: Kraftiga sn\u00f6fall<\/a>&nbsp;&nbsp;Aftonbladet<\/li>\n<li><a href=\"https:\/\/news.google.com\/rss\/articles\/CBMikAFBVV95cUxOMV9iV0t4Z1NQOEpZSThFVEFTeXNxWk1VaHVJR1hNU29PV3h6Q1U1TTNCR2k1VjRoWElFWkF3NmFjZWttV1E2MnJMQ1FBWl9KTTJ5NEhwd2JjazJvWW5XblhqU3ZYbHF4a0d5UWRGd1JkWjZKb09FRUYydDVwU290NzN4bVB3bE01aDhqaURxODc?oc=5\" target=\"_blank\" rel=\"nofollow noopener\">Sn\u00f6ov\u00e4der med orange varningar \u2013 V\u00e4der- och trafikl\u00e4get i landet<\/a>&nbsp;&nbsp;SVT Nyheter<\/li>\n<li><a href=\"https:\/\/news.google.com\/rss\/articles\/CBMisAFBVV95cUxPWmEtemhwT2oweW5DUllhaGs5UW9LZTJtTGhUcUd1WUE5VV9XYXZJQVFUblAyZ1EzUWxXd1FoSkxtUjBuRDZoeHlvd1hkcjFjTkVnT2hiUGh1ekNqeGRYZV9qYTNIcldXTG5GZnd6MFBQeGF3eDFEdXRQaGl1cWhfQnJLSV9FRndtcFN1UmUyLWNJNk5hY1hRbW5BLTJOaXFxQzJfSU5YRGotSDJDNHdqaQ?oc=5\" target=\"_blank\" rel=\"nofollow noopener\">D\u00e5 kommer stormen Goretti till G\u00f6teborg<\/a>&nbsp;&nbsp;GP<\/li>\n<li><a href=\"https:\/\/news.google.com\/rss\/articles\/CBMieEFVX3lxTE5HUnRKbDQwYTYzWTVZa2dRcnJtSm40N3ZtTVZRUjhZeUxlZEdHZGlCQk5ycWFqY2VBX0Q0VjdBRkFhZ0xmdzRWaU1tZ0d5Z2tOcTRGUWltd1NGQkhRaHNnbm44VUxvdngyeHViRGo0Q1NBUnZyRmhoYQ?oc=5\" target=\"_blank\" rel=\"nofollow noopener\">DIREKT: Orange varning borta \u2013 men nytt sn\u00f6ov\u00e4der v\u00e4ntar<\/a>&nbsp;&nbsp;Bor\u00e5s Tidning<\/li>\n<\/ol>\n","protected":false},"excerpt":{"rendered":"Ov\u00e4der i v\u00e4st \u2013 och nya sn\u00f6varningar&nbsp;&nbsp;Aftonbladet Liverapportering: Kraftiga sn\u00f6fall&nbsp;&nbsp;Aftonbladet Sn\u00f6ov\u00e4der med orange varningar \u2013 V\u00e4der- och trafikl\u00e4get&hellip;\n","protected":false},"author":2,"featured_media":128532,"comment_status":"","ping_status":"","sticky":false,"template":"","format":"standard","meta":{"footnotes":""},"categories":[5],"tags":[22,23,26,27,17,21,24,25,28,29,15,16,18,34,31,33,32,30,19,20],"class_list":{"0":"post-128531","1":"post","2":"type-post","3":"status-publish","4":"format-standard","5":"has-post-thumbnail","7":"category-rubriker","8":"tag-breaking-news","9":"tag-breakingnews","10":"tag-featured-news","11":"tag-featurednews","12":"tag-headlines","13":"tag-huvudnyheter","14":"tag-latest-news","15":"tag-latestnews","16":"tag-main-news","17":"tag-mainnews","18":"tag-news","19":"tag-nyheter","20":"tag-rubriker","21":"tag-se","22":"tag-svenska","23":"tag-sverige","24":"tag-sweden","25":"tag-swedish","26":"tag-top-stories","27":"tag-topstories"},"share_on_mastodon":{"url":"https:\/\/pubeurope.com\/@se\/115854350888926599","error":""},"_links":{"self":[{"href":"https:\/\/www.europesays.com\/se\/wp-json\/wp\/v2\/posts\/128531","targetHints":{"allow":["GET"]}}],"collection":[{"href":"https:\/\/www.europesays.com\/se\/wp-json\/wp\/v2\/posts"}],"about":[{"href":"https:\/\/www.europesays.com\/se\/wp-json\/wp\/v2\/types\/post"}],"author":[{"embeddable":true,"href":"https:\/\/www.europesays.com\/se\/wp-json\/wp\/v2\/users\/2"}],"replies":[{"embeddable":true,"href":"https:\/\/www.europesays.com\/se\/wp-json\/wp\/v2\/comments?post=128531"}],"version-history":[{"count":0,"href":"https:\/\/www.europesays.com\/se\/wp-json\/wp\/v2\/posts\/128531\/revisions"}],"wp:featuredmedia":[{"embeddable":true,"href":"https:\/\/www.europesays.com\/se\/wp-json\/wp\/v2\/media\/128532"}],"wp:attachment":[{"href":"https:\/\/www.europesays.com\/se\/wp-json\/wp\/v2\/media?parent=128531"}],"wp:term":[{"taxonomy":"category","embeddable":true,"href":"https:\/\/www.europesays.com\/se\/wp-json\/wp\/v2\/categories?post=128531"},{"taxonomy":"post_tag","embeddable":true,"href":"https:\/\/www.europesays.com\/se\/wp-json\/wp\/v2\/tags?post=128531"}],"curies":[{"name":"wp","href":"https:\/\/api.w.org\/{rel}","templated":true}]}}