{"id":12854,"date":"2025-08-25T01:47:07","date_gmt":"2025-08-25T01:47:07","guid":{"rendered":"https:\/\/www.europesays.com\/se\/12854\/"},"modified":"2025-08-25T01:47:07","modified_gmt":"2025-08-25T01:47:07","slug":"jd-vance-hanas-eftertabben-om-varldskriget","status":"publish","type":"post","link":"https:\/\/www.europesays.com\/se\/12854\/","title":{"rendered":"JD Vance h\u00e5nas efter\ntabben om v\u00e4rldskriget"},"content":{"rendered":"<p>Publicerad 25 aug 2025 kl 03.07Uppdaterad kl 03.40<\/p>\n<p>JD Vance h\u00e4vdade att \u201dalla stora konflikter i m\u00e4nsklighetens historia\u201d har slutat med n\u00e5gon form av f\u00f6rhandling.<\/p>\n<p>M\u00e5nga var snabba med att upplysa vicepresidenten om att andra v\u00e4rldskriget slutade med Tysklands och Japan villkorsl\u00f6sa kapitulationer.<\/p>\n<p>Nu h\u00e5nas Vance f\u00f6r tabben som <a href=\"https:\/\/www.thedailybeast.com\/jd-vance-mocked-for-embarrassing-wwii-history-mistake\/\" rel=\"nofollow noopener\" target=\"_blank\">Daily Beast<\/a> kallar f\u00f6r \u201dpinsam\u201d.<\/p>\n<p>Senaste nyhetsklippen fr\u00e5n Expressen.<img   alt=\"\"\/> <\/p>\n<p>Foto: GORDON\/UPI\/SHUTTERSTOCK \/ SHUTTERSTOCK EDITORIAL\/IBL<\/p>\n<p>\u00d6ppna bild i helsk\u00e4rm<img loading=\"lazy\"   alt=\"\"\/><\/p>\n<p>JD Vance och Donald Trump.<\/p>\n<p>Foto: JACQUELYN MARTIN \/ AP TT NYHETSBYR\u00c5N<\/p>\n<p>\u00d6ppna bild i helsk\u00e4rm<\/p>\n<p>N\u00e4r Donald Trump tr\u00e4ffade Vladimir Putin i Alaska den 15 augusti sade han att den ryske presidenten kunde v\u00e4nta sig \u201dallvarliga konsekvenser\u201d om han inte gick med p\u00e5 att avsluta striderna i Ukraina.<\/p>\n<p>Men efter att inte lyckats f\u00e5 till ett eldupph\u00f6r lade den amerikanske presidenten n\u00e5gra dagar senare i st\u00e4llet betoningen p\u00e5 medling f\u00f6r att f\u00e5 slut p\u00e5 kriget.<\/p>\n<p>Under s\u00f6ndagens intervju i tv-programmet \u201dMeet the Press\u201d f\u00f6rsvarade vicepresidenten <a href=\"https:\/\/www.expressen.se\/tagg\/person\/jd-vance\/\" class=\"\" rel=\"nofollow noopener\" target=\"_blank\">JD Vance<\/a> Trumps nya linje att avsluta kriget genom f\u00f6rhandlingar och kompromisser i st\u00e4llet f\u00f6r sanktioner och krav p\u00e5 eldupph\u00f6r. Men n\u00e4r Vance anv\u00e4nde andra v\u00e4rldskriget som exempel f\u00f6r att understryka sin po\u00e4ng gick det snett.<\/p>\n<p>\u2013 Om du g\u00e5r tillbaka till andra v\u00e4rldskriget, om du g\u00e5r tillbaka till f\u00f6rsta v\u00e4rldskriget, om du ser p\u00e5 alla stora konflikter i m\u00e4nsklighetens historia s\u00e5 slutar de alla med n\u00e5gon form av f\u00f6rhandling, s\u00e4ger Vance.<\/p>\n<p>\u201dRaka motsatsen till en f\u00f6rhandling\u201d<\/p>\n<p>Andra v\u00e4rldskriget avslutades dock inte genom f\u00f6rhandlingar utan genom Tysklands villkorsl\u00f6sa kapitulation den 7 maj 1945 f\u00f6ljd av Japans villkorsl\u00f6sa kapitulation den 2 september samma \u00e5r efter atombomberna mot Hiroshima och Nagasaki.<\/p>\n<p>\u201dVance s\u00e4ger att andra v\u00e4rldskriget slutade med f\u00f6rhandlingar \u2013 n\u00e5gon borde ber\u00e4tta det f\u00f6r Hiroshima\u201d, skriver en person p\u00e5 X.<\/p>\n<p>En annan p\u00e5pekade att \u201dandra v\u00e4rldskriget slutade med raka motsatsen till en f\u00f6rhandling\u201d.<\/p>\n<p>\u201dTyskarna och japanerna tvingades till villkorsl\u00f6s kapitulation\u201d, skriver en tredje.<\/p>\n<p>En fj\u00e4rde sk\u00e4mtade om att hen \u201dinte visste att \u2019villkorsl\u00f6s kapitulation\u2019 var en f\u00f6rhandling\u201d.<\/p>\n","protected":false},"excerpt":{"rendered":"Publicerad 25 aug 2025 kl 03.07Uppdaterad kl 03.40 JD Vance h\u00e4vdade att \u201dalla stora konflikter i m\u00e4nsklighetens historia\u201d&hellip;\n","protected":false},"author":2,"featured_media":12855,"comment_status":"","ping_status":"","sticky":false,"template":"","format":"standard","meta":{"footnotes":""},"categories":[14],"tags":[22,23,26,27,17,21,24,25,28,29,15,16,363,18,34,55,31,33,32,30,19,204,20,51,52,53,54],"class_list":{"0":"post-12854","1":"post","2":"type-post","3":"status-publish","4":"format-standard","5":"has-post-thumbnail","7":"category-varlden","8":"tag-breaking-news","9":"tag-breakingnews","10":"tag-featured-news","11":"tag-featurednews","12":"tag-headlines","13":"tag-huvudnyheter","14":"tag-latest-news","15":"tag-latestnews","16":"tag-main-news","17":"tag-mainnews","18":"tag-news","19":"tag-nyheter","20":"tag-person-jd-vance","21":"tag-rubriker","22":"tag-se","23":"tag-sections-varlden","24":"tag-svenska","25":"tag-sverige","26":"tag-sweden","27":"tag-swedish","28":"tag-top-stories","29":"tag-topic-amerikansk-politik","30":"tag-topstories","31":"tag-varlden","32":"tag-world","33":"tag-world-news","34":"tag-worldnews"},"share_on_mastodon":{"url":"","error":""},"_links":{"self":[{"href":"https:\/\/www.europesays.com\/se\/wp-json\/wp\/v2\/posts\/12854","targetHints":{"allow":["GET"]}}],"collection":[{"href":"https:\/\/www.europesays.com\/se\/wp-json\/wp\/v2\/posts"}],"about":[{"href":"https:\/\/www.europesays.com\/se\/wp-json\/wp\/v2\/types\/post"}],"author":[{"embeddable":true,"href":"https:\/\/www.europesays.com\/se\/wp-json\/wp\/v2\/users\/2"}],"replies":[{"embeddable":true,"href":"https:\/\/www.europesays.com\/se\/wp-json\/wp\/v2\/comments?post=12854"}],"version-history":[{"count":0,"href":"https:\/\/www.europesays.com\/se\/wp-json\/wp\/v2\/posts\/12854\/revisions"}],"wp:featuredmedia":[{"embeddable":true,"href":"https:\/\/www.europesays.com\/se\/wp-json\/wp\/v2\/media\/12855"}],"wp:attachment":[{"href":"https:\/\/www.europesays.com\/se\/wp-json\/wp\/v2\/media?parent=12854"}],"wp:term":[{"taxonomy":"category","embeddable":true,"href":"https:\/\/www.europesays.com\/se\/wp-json\/wp\/v2\/categories?post=12854"},{"taxonomy":"post_tag","embeddable":true,"href":"https:\/\/www.europesays.com\/se\/wp-json\/wp\/v2\/tags?post=12854"}],"curies":[{"name":"wp","href":"https:\/\/api.w.org\/{rel}","templated":true}]}}