{"id":128547,"date":"2026-01-07T14:54:14","date_gmt":"2026-01-07T14:54:14","guid":{"rendered":"https:\/\/www.europesays.com\/se\/128547\/"},"modified":"2026-01-07T14:54:14","modified_gmt":"2026-01-07T14:54:14","slug":"succepremiar-for-nyarsrevyn-hogt-tempo-och-mycket-skratt","status":"publish","type":"post","link":"https:\/\/www.europesays.com\/se\/128547\/","title":{"rendered":"Succ\u00e9premi\u00e4r f\u00f6r ny\u00e5rsrevyn \u2013 h\u00f6gt tempo och mycket skratt"},"content":{"rendered":"<p>Responsen efter de f\u00f6rsta f\u00f6rest\u00e4llningarna av\u00a0Uppskruvat\u00a0har varit stark, b\u00e5de fr\u00e5n \u00e5terkommande revybes\u00f6kare och ny publik. \u00c5rets upps\u00e4ttning beskrivs som mer musikalisk och tempofylld, med en tydlig balans mellan v\u00e4rme och vass satir \u2013 och lovorden haglar \u00f6ver denna ensmeble.<\/p>\n<p>\u2013 Det har varit fantastiskt att m\u00f6ta publiken. Man k\u00e4nner direkt att det h\u00e4r landar r\u00e4tt. Skratten sitter d\u00e4r de ska och energin i salongen \u00e4r otrolig, s\u00e4ger regiss\u00f6ren H\u00e5kan B\u00e4ck.<\/p>\n<p><a href=\"https:\/\/www.nortic.se\/ticket\/event\/72333\" rel=\"sponsored noopener noreferrer nofollow\" target=\"_blank\" title=\"L\u00e4nken \u00f6ppnas i en ny flik\">S\u00e4kra din plats p\u00e5 ny\u00e5rsrevyn Uppskruvat h\u00e4r!<\/a><\/p>\n<p><img decoding=\"async\" style=\"width: 100%; aspect-ratio: 16 \/ 9 auto;\" src=\"https:\/\/www.europesays.com\/se\/wp-content\/uploads\/2026\/01\/190dad6f-cdd6-40cb-9838-38fd7944185b.webp\" alt=\"&quot;Vi tog verkligen med oss inspirationen fr\u00e5n SM. Det handlar om att v\u00e5ga ta numren ett varv till och vara lite spetsigare, utan att tappa v\u00e4rmen&quot;, s\u00e4ger H\u00e5kan B\u00e4ck.\" class=\"\" loading=\"lazy\" fetchpriority=\"auto\"\/><\/p>\n<p>&#8221;Vi tog verkligen med oss inspirationen fr\u00e5n SM. Det handlar om att v\u00e5ga ta numren ett varv till och vara lite spetsigare, utan att tappa v\u00e4rmen&#8221;, s\u00e4ger H\u00e5kan B\u00e4ck.<\/p>\n<p>Foto: Magnus Jakobsson<\/p>\n<p>\u00c5rets ny\u00e5rsrevy har ett tydligare musikfokus och ett h\u00f6gre tempo \u00e4n tidigare. F\u00f6rest\u00e4llningen v\u00e4xlar mellan skratt och eftertanke, n\u00e5got som enligt H\u00e5kan B\u00e4ck har bidragit till den positiva premi\u00e4rresponsen.<\/p>\n<p>\u2013 Vi har satsat mycket p\u00e5 musiken, och det \u00e4r kul att det verkar uppskattas. Orkestern ger bra sv\u00e4ng och dansgruppen tillf\u00f6r mycket. Vi vill inge b\u00e5de gl\u00e4dje och hopp, samtidigt som vi ger bitsk satir och t\u00e4nkv\u00e4rdheter, s\u00e4ger han.<\/p>\n<p>Revyn tar avstamp i b\u00e5de lokala igenk\u00e4nningar och st\u00f6rre samtidsfr\u00e5gor. Inneh\u00e5llet r\u00f6r sig fr\u00e5n Link\u00f6pings kommunala turer och kyrkovalet till radions hundra\u00e5rsjubileum, blandat med kupletter i klassisk revyanda och sketcher om vardagen och v\u00e4rldsl\u00e4get.<\/p>\n<p><a href=\"https:\/\/www.nortic.se\/ticket\/event\/72333\" rel=\"sponsored noopener noreferrer nofollow\" target=\"_blank\" title=\"L\u00e4nken \u00f6ppnas i en ny flik\">S\u00e4kra din plats p\u00e5 ny\u00e5rsrevyn Uppskruvat h\u00e4r!<\/a><\/p>\n<p><img decoding=\"async\" style=\"width: 100%; aspect-ratio: 16 \/ 9 auto;\" src=\"https:\/\/www.europesays.com\/se\/wp-content\/uploads\/2026\/01\/b2d69389-fcc7-4e33-b995-20ec9756932a.webp\" alt=\"Under f\u00f6rest\u00e4llningen serveras kaffe och kaka, och publiken kan \u00e4ven k\u00f6pa nybakade wienerbr\u00f6d fr\u00e5n husets eget bageri.\" class=\"\" loading=\"lazy\" fetchpriority=\"auto\"\/><\/p>\n<p>Under f\u00f6rest\u00e4llningen serveras kaffe och kaka, och publiken kan \u00e4ven k\u00f6pa nybakade wienerbr\u00f6d fr\u00e5n husets eget bageri.<\/p>\n<p>Foto: Magnus Jakobsson<\/p>\n<p><strong>Inspirerade av SM \u2013 nu m\u00e4rks det p\u00e5 scenen<\/strong><\/p>\n<p>Efter sommarens Revy-SM, d\u00e4r Link\u00f6ping stod v\u00e4rd, har Teaterns Hus utvecklat sitt arbete med ny\u00e5rsrevyn. Ambitionen inf\u00f6r \u00e5rets upps\u00e4ttning har varit att h\u00f6ja tempot och v\u00e4ssa uttrycket \u2013 n\u00e5got som ocks\u00e5 speglas i publikens mottagande.<\/p>\n<p>\u2013 Vi tog verkligen med oss inspirationen fr\u00e5n SM. Det handlar om att v\u00e5ga ta numren ett varv till och vara lite spetsigare, utan att tappa v\u00e4rmen, s\u00e4ger H\u00e5kan B\u00e4ck.<\/p>\n<p>I \u00e5rets upps\u00e4ttning medverkar flera yngre f\u00f6rm\u00e5gor fr\u00e5n Teaterns Hus egen teaterskola, som \u00e4r en av Sveriges st\u00f6rsta scenskolor, tillsammans med mer erfarna revyakt\u00f6rer. Det \u00e4r en medveten satsning p\u00e5 den yngre generationen i kombination med att f\u00f6ra den stolta svenska revytraditionen vidare.<\/p>\n<p><a href=\"https:\/\/www.nortic.se\/ticket\/event\/72333\" rel=\"sponsored noopener noreferrer nofollow\" target=\"_blank\" title=\"L\u00e4nken \u00f6ppnas i en ny flik\">Biljetterna till Teaterns Hus ny\u00e5rsrevy Uppskruvat g\u00e5r \u00e5t i snabb takt. H\u00e4r bokar du din biljett!<\/a><\/p>\n<p><img decoding=\"async\" style=\"width: 100%; aspect-ratio: 16 \/ 9 auto;\" src=\"https:\/\/www.europesays.com\/se\/wp-content\/uploads\/2026\/01\/a85df6d3-164b-4f3c-93ab-d848af2fcb61.webp\" alt=\"De f\u00f6rsta f\u00f6rest\u00e4llningarna av Uppskruvat har varit v\u00e4lbes\u00f6kta.\" class=\"\" loading=\"lazy\" fetchpriority=\"auto\"\/><\/p>\n<p>De f\u00f6rsta f\u00f6rest\u00e4llningarna av Uppskruvat har varit v\u00e4lbes\u00f6kta.<\/p>\n<p>Foto: Magnus Jakobsson<\/p>\n<p><strong>Intim revyupplevelse \u2013 och stor efterfr\u00e5gan<\/strong><\/p>\n<p>Ny\u00e5rsrevyn spelas i Teaterns Hus salong med plats f\u00f6r cirka 120 personer, varav majoriteten sitter vid dukade bord. Under f\u00f6rest\u00e4llningen serveras kaffe och kaka, och publiken kan \u00e4ven k\u00f6pa nybakade wienerbr\u00f6d fr\u00e5n husets eget bageri. Dessutom har salongen sin egen v\u00e4rdinna som ser till att alla kommer tillr\u00e4tta och har det bra.<\/p>\n<p>\u2013 Det ska k\u00e4nnas som ett gammaldags caf\u00e9 d\u00e4r man m\u00f6ts, skrattar och delar en ftermiddag tillsammans, s\u00e4ger H\u00e5kan.<\/p>\n<p>F\u00f6rest\u00e4llningarna spelas fr\u00e5n 30 december till slutet av januari. Efterfr\u00e5gan har varit stor \u00e4ven i \u00e5r, och flera datum \u00e4r redan v\u00e4lbokade.<\/p>\n<p>\u2013 Biljetterna g\u00e5r \u00e5t snabbt, s\u00e5 vi uppmanar folk att boka i tid, s\u00e4ger H\u00e5kan.<\/p>\n<p><a href=\"https:\/\/www.nortic.se\/ticket\/event\/72333\" rel=\"sponsored noopener noreferrer nofollow\" target=\"_blank\" title=\"L\u00e4nken \u00f6ppnas i en ny flik\">S\u00e4kra din plats p\u00e5 ny\u00e5rsrevyn Uppskruvat h\u00e4r!<\/a><\/p>\n<p><img decoding=\"async\" style=\"width: 100%; aspect-ratio: 16 \/ 9 auto;\" src=\"https:\/\/www.europesays.com\/se\/wp-content\/uploads\/2026\/01\/85211c19-ffa2-4992-bf8b-3c890dbb3599.webp\" alt=\"F\u00f6rest\u00e4llningarna spelas till slutet av januari.\" class=\"\" loading=\"lazy\" fetchpriority=\"auto\"\/><\/p>\n<p>F\u00f6rest\u00e4llningarna spelas till slutet av januari.<\/p>\n<p>Foto: Magnus Jakobsson.<\/p>\n","protected":false},"excerpt":{"rendered":"Responsen efter de f\u00f6rsta f\u00f6rest\u00e4llningarna av\u00a0Uppskruvat\u00a0har varit stark, b\u00e5de fr\u00e5n \u00e5terkommande revybes\u00f6kare och ny publik. \u00c5rets upps\u00e4ttning beskrivs&hellip;\n","protected":false},"author":2,"featured_media":128548,"comment_status":"","ping_status":"","sticky":false,"template":"","format":"standard","meta":{"footnotes":""},"categories":[67],"tags":[104,34,31,33,32,30,105],"class_list":{"0":"post-128547","1":"post","2":"type-post","3":"status-publish","4":"format-standard","5":"has-post-thumbnail","7":"category-underhallning","8":"tag-entertainment","9":"tag-se","10":"tag-svenska","11":"tag-sverige","12":"tag-sweden","13":"tag-swedish","14":"tag-underhallning"},"share_on_mastodon":{"url":"https:\/\/pubeurope.com\/@se\/115854394292701601","error":""},"_links":{"self":[{"href":"https:\/\/www.europesays.com\/se\/wp-json\/wp\/v2\/posts\/128547","targetHints":{"allow":["GET"]}}],"collection":[{"href":"https:\/\/www.europesays.com\/se\/wp-json\/wp\/v2\/posts"}],"about":[{"href":"https:\/\/www.europesays.com\/se\/wp-json\/wp\/v2\/types\/post"}],"author":[{"embeddable":true,"href":"https:\/\/www.europesays.com\/se\/wp-json\/wp\/v2\/users\/2"}],"replies":[{"embeddable":true,"href":"https:\/\/www.europesays.com\/se\/wp-json\/wp\/v2\/comments?post=128547"}],"version-history":[{"count":0,"href":"https:\/\/www.europesays.com\/se\/wp-json\/wp\/v2\/posts\/128547\/revisions"}],"wp:featuredmedia":[{"embeddable":true,"href":"https:\/\/www.europesays.com\/se\/wp-json\/wp\/v2\/media\/128548"}],"wp:attachment":[{"href":"https:\/\/www.europesays.com\/se\/wp-json\/wp\/v2\/media?parent=128547"}],"wp:term":[{"taxonomy":"category","embeddable":true,"href":"https:\/\/www.europesays.com\/se\/wp-json\/wp\/v2\/categories?post=128547"},{"taxonomy":"post_tag","embeddable":true,"href":"https:\/\/www.europesays.com\/se\/wp-json\/wp\/v2\/tags?post=128547"}],"curies":[{"name":"wp","href":"https:\/\/api.w.org\/{rel}","templated":true}]}}