{"id":128578,"date":"2026-01-07T15:18:27","date_gmt":"2026-01-07T15:18:27","guid":{"rendered":"https:\/\/www.europesays.com\/se\/128578\/"},"modified":"2026-01-07T15:18:27","modified_gmt":"2026-01-07T15:18:27","slug":"nikkor-z-24-105mm-f-4-71-zoom-i-fullformat-pa-350-gram","status":"publish","type":"post","link":"https:\/\/www.europesays.com\/se\/128578\/","title":{"rendered":"Nikkor Z 24\u2013105mm f\/4\u20137,1 \u2013 zoom i fullformat p\u00e5 350 gram"},"content":{"rendered":"<p class=\"kicker t20 color_mobile_no_bg_color\" style=\"\">NYHET<\/p>\n<p>    Nikons nya normalzoom i fullformat f\u00f6r Nikons Z-fattning f\u00f6r samman l\u00e5g vikt och m\u00e5ngsidighet med ett stort br\u00e4nnviddsspann.<\/p>\n<p>Nikons nya fullformatsobjektiv\u00a0Nikkor Z 24\u2013105mm f\/4\u20137,1 har skapats med vikten i \u00e5tanke \u2013 vilket g\u00f6r att den endast v\u00e4ger 350 gram, delvis p\u00e5 grund av sin konstruktion, men fr\u00e4mst p\u00e5 grund av avsaknaden av inbyggd bildstabilisering.<\/p>\n<p>Objektivet har en n\u00e4rgr\u00e4ns p\u00e5 0,2m vid 24mm och 0,28m vid 105mm samt filterdiameter p\u00e5 67mm. \u00c4ven om objektivet har t\u00e4tningar f\u00f6r att h\u00e5lla damm och vatten borta s\u00e5 garanterar Nikon inte att det \u00e4r skyddat i alla situationer, vilket inneb\u00e4r att den inte har samma t\u00e4tning som S-optiken.<\/p>\n<p>P\u00e5 objektivet finns \u00e4ven en programmerbar kontrollring f\u00f6r som kan anv\u00e4ndas f\u00f6r att justera olika inst\u00e4llningar.<\/p>\n<p>                <img decoding=\"async\" src=\"https:\/\/www.europesays.com\/se\/wp-content\/uploads\/2026\/01\/1665919.webp.jpeg\" width=\"480\" height=\"356\" title=\"Nikkor Z 24\u2013105mm f\/4\u20137,1 \u2013 zoom i fullformat p\u00e5 350 gram\" alt=\"\" loading=\"lazy\" style=\"\"\/><\/p>\n<p>                <img decoding=\"async\" src=\"https:\/\/www.europesays.com\/se\/wp-content\/uploads\/2026\/01\/1665911.webp.jpeg\" width=\"480\" height=\"375\" title=\"\" alt=\"\" loading=\"lazy\" style=\"\"\/><\/p>\n<p>                <img decoding=\"async\" src=\"https:\/\/www.europesays.com\/se\/wp-content\/uploads\/2026\/01\/1665913.webp.jpeg\" width=\"480\" height=\"322\" title=\"\" alt=\"\" loading=\"lazy\" style=\"\"\/><\/p>\n<p>                <img decoding=\"async\" src=\"https:\/\/www.europesays.com\/se\/wp-content\/uploads\/2026\/01\/1665915.webp.jpeg\" width=\"480\" height=\"437\" title=\"Nikkor Z 24\u2013105mm f\/4\u20137,1 \u2013 zoom i fullformat p\u00e5 350 gram\" alt=\"\" loading=\"lazy\" style=\"\"\/><\/p>\n<p>                <img decoding=\"async\" src=\"https:\/\/www.europesays.com\/se\/wp-content\/uploads\/2026\/01\/1665917.webp.jpeg\" width=\"480\" height=\"447\" title=\"Nikkor Z 24\u2013105mm f\/4\u20137,1 \u2013 zoom i fullformat p\u00e5 350 gram\" alt=\"\" loading=\"lazy\" style=\"\"\/><\/p>\n<p>Objektivet kommer att s\u00e4ljas i kit tillsammans med utvalda kamerahus, bland annat Nikon Z5 II, och f\u00e5r d\u00e5 en totaltvikt p\u00e5 1050 gram med objektiv och kamerahus.\u00a0<\/p>\n<p>Objektivet finns tillg\u00e4nglig fr\u00e5n 22 januari 2026. Rekommenderat pris \u00e4r 7 190 kronor inklusive moms.<\/p>\n<p>        <a itemprop=\"url\" class=\"\" href=\"https:\/\/www.kamerabild.se\/nyheter\/nikon-nikkor-z-dx-16-50mm-f\/28-vr-z-dx-mc-35mm-f\/17-slappta\/1655448\" data-k5a-url=\"https:\/\/www.kamerabild.se\/a\/1655448\" rel=\"nofollow noopener\" target=\"_blank\"><\/p>\n<p>            Nikon Nikkor Z DX 16-50mm f\/2,8 VR &amp; Z DX MC 35mm f\/1,7 sl\u00e4ppta<\/p>\n<p itemprop=\"description\" class=\"subtitle \" style=\"\">\n    Nikon sl\u00e4pper nu tv\u00e5 ljusstarka objektiv f\u00f6r sitt Z DX-system med sensor i APS-C-format.\n<\/p>\n<p>        <\/a><\/p>\n","protected":false},"excerpt":{"rendered":"NYHET Nikons nya normalzoom i fullformat f\u00f6r Nikons Z-fattning f\u00f6r samman l\u00e5g vikt och m\u00e5ngsidighet med ett stort&hellip;\n","protected":false},"author":2,"featured_media":128579,"comment_status":"","ping_status":"","sticky":false,"template":"","format":"standard","meta":{"footnotes":""},"categories":[67],"tags":[104,34,31,33,32,30,105],"class_list":{"0":"post-128578","1":"post","2":"type-post","3":"status-publish","4":"format-standard","5":"has-post-thumbnail","7":"category-underhallning","8":"tag-entertainment","9":"tag-se","10":"tag-svenska","11":"tag-sverige","12":"tag-sweden","13":"tag-swedish","14":"tag-underhallning"},"share_on_mastodon":{"url":"https:\/\/pubeurope.com\/@se\/115854488594222485","error":""},"_links":{"self":[{"href":"https:\/\/www.europesays.com\/se\/wp-json\/wp\/v2\/posts\/128578","targetHints":{"allow":["GET"]}}],"collection":[{"href":"https:\/\/www.europesays.com\/se\/wp-json\/wp\/v2\/posts"}],"about":[{"href":"https:\/\/www.europesays.com\/se\/wp-json\/wp\/v2\/types\/post"}],"author":[{"embeddable":true,"href":"https:\/\/www.europesays.com\/se\/wp-json\/wp\/v2\/users\/2"}],"replies":[{"embeddable":true,"href":"https:\/\/www.europesays.com\/se\/wp-json\/wp\/v2\/comments?post=128578"}],"version-history":[{"count":0,"href":"https:\/\/www.europesays.com\/se\/wp-json\/wp\/v2\/posts\/128578\/revisions"}],"wp:featuredmedia":[{"embeddable":true,"href":"https:\/\/www.europesays.com\/se\/wp-json\/wp\/v2\/media\/128579"}],"wp:attachment":[{"href":"https:\/\/www.europesays.com\/se\/wp-json\/wp\/v2\/media?parent=128578"}],"wp:term":[{"taxonomy":"category","embeddable":true,"href":"https:\/\/www.europesays.com\/se\/wp-json\/wp\/v2\/categories?post=128578"},{"taxonomy":"post_tag","embeddable":true,"href":"https:\/\/www.europesays.com\/se\/wp-json\/wp\/v2\/tags?post=128578"}],"curies":[{"name":"wp","href":"https:\/\/api.w.org\/{rel}","templated":true}]}}