{"id":128582,"date":"2026-01-07T15:21:07","date_gmt":"2026-01-07T15:21:07","guid":{"rendered":"https:\/\/www.europesays.com\/se\/128582\/"},"modified":"2026-01-07T15:21:07","modified_gmt":"2026-01-07T15:21:07","slug":"tvivlar-pa-att-nato-skulle-vara-dar-for-oss","status":"publish","type":"post","link":"https:\/\/www.europesays.com\/se\/128582\/","title":{"rendered":"Tvivlar p\u00e5 att Nato skulle vara d\u00e4r f\u00f6r oss"},"content":{"rendered":"<p>Donald Trump tvivlar p\u00e5 att Nato &#8221;skulle vara d\u00e4r f\u00f6r USA om vi verkligen beh\u00f6vde dem&#8221;, skriver han p\u00e5 Truth Social.<\/p>\n<p>\u201dVi kommer alltid vara d\u00e4r f\u00f6r Nato, \u00e4ven om de inte kommer vara d\u00e4r f\u00f6r oss\u201d, forts\u00e4tter han.<\/p>\n<p>Vidare h\u00e4vdar presidenten utan bevis att han egenh\u00e4ndigt avslutat \u00e5tta krig och r\u00e4ddat miljontals liv, och beskyller Norge f\u00f6r att \u201dd\u00e5raktigt nog\u201d \u00e4nd\u00e5 inte ha gett honom Nobels fredspris.<\/p>\n<p>Utan Trump skulle Ryssland ha tagit hela Ukraina vid det h\u00e4r laget, och USA under hans ledning \u00e4r det enda Kina och Ryssland fruktar och respekterar, p\u00e5st\u00e5r presidenten.<\/p>\n<p>Omni \u00e4r politiskt obundna och oberoende. Vi str\u00e4var efter att ge fler perspektiv p\u00e5 nyheterna. Har du fr\u00e5gor eller synpunkter kring v\u00e5r rapportering? <a href=\"https:\/\/omni.se\/trump-tvivlar-pa-att-nato-ar-dar-for-oss\/a\/mailto:redaktion@omni.se\" class=\"ArticleActions_contactLink__W2F1M\" rel=\"nofollow noopener\" target=\"_blank\">Kontakta redaktionen<\/a><\/p>\n","protected":false},"excerpt":{"rendered":"Donald Trump tvivlar p\u00e5 att Nato &#8221;skulle vara d\u00e4r f\u00f6r USA om vi verkligen beh\u00f6vde dem&#8221;, skriver han&hellip;\n","protected":false},"author":2,"featured_media":128583,"comment_status":"","ping_status":"","sticky":false,"template":"","format":"standard","meta":{"footnotes":""},"categories":[14],"tags":[22,23,385,267,26,27,17,21,549,24,25,28,29,999,15,616,268,430,16,18,264,34,31,33,32,30,19,20,386,74,51,52,53,54],"class_list":{"0":"post-128582","1":"post","2":"type-post","3":"status-publish","4":"format-standard","5":"has-post-thumbnail","7":"category-varlden","8":"tag-breaking-news","9":"tag-breakingnews","10":"tag-donald-trump","11":"tag-europa","12":"tag-featured-news","13":"tag-featurednews","14":"tag-headlines","15":"tag-huvudnyheter","16":"tag-kina","17":"tag-latest-news","18":"tag-latestnews","19":"tag-main-news","20":"tag-mainnews","21":"tag-nato","22":"tag-news","23":"tag-nobels-fredspris","24":"tag-nordamerika","25":"tag-norge","26":"tag-nyheter","27":"tag-rubriker","28":"tag-ryssland","29":"tag-se","30":"tag-svenska","31":"tag-sverige","32":"tag-sweden","33":"tag-swedish","34":"tag-top-stories","35":"tag-topstories","36":"tag-trumps-usa","37":"tag-usa","38":"tag-varlden","39":"tag-world","40":"tag-world-news","41":"tag-worldnews"},"share_on_mastodon":{"url":"https:\/\/pubeurope.com\/@se\/115854500539125169","error":""},"_links":{"self":[{"href":"https:\/\/www.europesays.com\/se\/wp-json\/wp\/v2\/posts\/128582","targetHints":{"allow":["GET"]}}],"collection":[{"href":"https:\/\/www.europesays.com\/se\/wp-json\/wp\/v2\/posts"}],"about":[{"href":"https:\/\/www.europesays.com\/se\/wp-json\/wp\/v2\/types\/post"}],"author":[{"embeddable":true,"href":"https:\/\/www.europesays.com\/se\/wp-json\/wp\/v2\/users\/2"}],"replies":[{"embeddable":true,"href":"https:\/\/www.europesays.com\/se\/wp-json\/wp\/v2\/comments?post=128582"}],"version-history":[{"count":0,"href":"https:\/\/www.europesays.com\/se\/wp-json\/wp\/v2\/posts\/128582\/revisions"}],"wp:featuredmedia":[{"embeddable":true,"href":"https:\/\/www.europesays.com\/se\/wp-json\/wp\/v2\/media\/128583"}],"wp:attachment":[{"href":"https:\/\/www.europesays.com\/se\/wp-json\/wp\/v2\/media?parent=128582"}],"wp:term":[{"taxonomy":"category","embeddable":true,"href":"https:\/\/www.europesays.com\/se\/wp-json\/wp\/v2\/categories?post=128582"},{"taxonomy":"post_tag","embeddable":true,"href":"https:\/\/www.europesays.com\/se\/wp-json\/wp\/v2\/tags?post=128582"}],"curies":[{"name":"wp","href":"https:\/\/api.w.org\/{rel}","templated":true}]}}