{"id":128589,"date":"2026-01-07T15:26:09","date_gmt":"2026-01-07T15:26:09","guid":{"rendered":"https:\/\/www.europesays.com\/se\/128589\/"},"modified":"2026-01-07T15:26:09","modified_gmt":"2026-01-07T15:26:09","slug":"sanningen-tar-plats-pa-goteborgs-filmfestival","status":"publish","type":"post","link":"https:\/\/www.europesays.com\/se\/128589\/","title":{"rendered":"Sanningen tar plats p\u00e5 G\u00f6teborgs filmfestival"},"content":{"rendered":"<p>Temat p\u00e5 G\u00f6teborgs filmfestival blir sanningen, skriver TT. <\/p>\n<p>Flera internationellt omskrivna filmer har Sverigepremi\u00e4r. Bland annat \u201dHind Rajab \u2013 r\u00f6sten fr\u00e5n Gaza\u201d av Kaouther Ben Hania och Olivier Assayas \u201dTrollkarlen i Kreml\u201d med Jude Law i rollen som Vladimir Putin.<\/p>\n<p>\u00c4ven flera svenska filmer har premi\u00e4r, som dokument\u00e4ren \u201dF\u00f6rsta blatten p\u00e5 m\u00e5nen\u201d om rapparen Dogge Doggelito.<\/p>\n<p>Med temat vill man utforska hur sanning \u201dskildras, formas, manipuleras och ifr\u00e5gas\u00e4tts\u201d, skriver arrang\u00f6rerna p\u00e5 festivalens hemsida.<\/p>\n<p>Fem andra omtalade filmer p\u00e5 festivalen<\/p>\n<p>\u201dHamnet\u201d. Oscarsfavorit om William Shakespeare (Paul Mescal) och hans fru Agnes (Jessie Buckley) f\u00e5r Sverigepremi\u00e4r.<\/p>\n<p>\u201dBiodlaren\u201d. Adam Lundgren spelar \u00e4nkling med komplicerad relation till sin ton\u00e5rsdotter i Marcus Carlssons drama.<\/p>\n<p>\u201dMecenaten\u201d. En st\u00e4derska (Carla Sehn) utger sig f\u00f6r att vara konstmecenat i regiss\u00f6ren Julia Thelins l\u00e5ngfilmsdebut.<\/p>\n<p>\u201dF\u00f6rsta blatten p\u00e5 m\u00e5nen\u201d. Dokument\u00e4r om rapparen Dogge Doggelito av Ivan Blanco.<\/p>\n<p>\u201dThe chronology of water\u201d. Kristen Stewart debuterar som regiss\u00f6r med ett drama om en tjej vars simning blir en tillflyktsort fr\u00e5n familjen.<\/p>\n<p>Omni \u00e4r politiskt obundna och oberoende. Vi str\u00e4var efter att ge fler perspektiv p\u00e5 nyheterna. Har du fr\u00e5gor eller synpunkter kring v\u00e5r rapportering? <a href=\"https:\/\/omni.se\/sanningen-tar-plats-pa-goteborgs-filmfestival\/a\/mailto:redaktion@omni.se\" class=\"ArticleActions_contactLink__W2F1M\" rel=\"nofollow noopener\" target=\"_blank\">Kontakta redaktionen<\/a><\/p>\n","protected":false},"excerpt":{"rendered":"Temat p\u00e5 G\u00f6teborgs filmfestival blir sanningen, skriver TT. Flera internationellt omskrivna filmer har Sverigepremi\u00e4r. Bland annat \u201dHind Rajab&hellip;\n","protected":false},"author":2,"featured_media":128590,"comment_status":"","ping_status":"","sticky":false,"template":"","format":"standard","meta":{"footnotes":""},"categories":[67],"tags":[13261,104,168,1083,2314,34,31,33,32,30,105,1084],"class_list":{"0":"post-128589","1":"post","2":"type-post","3":"status-publish","4":"format-standard","5":"has-post-thumbnail","7":"category-underhallning","8":"tag-dogge-doggelito","9":"tag-entertainment","10":"tag-film-tv","11":"tag-goteborg","12":"tag-jude-law","13":"tag-se","14":"tag-svenska","15":"tag-sverige","16":"tag-sweden","17":"tag-swedish","18":"tag-underhallning","19":"tag-vastra-gotalands-lan"},"share_on_mastodon":{"url":"https:\/\/pubeurope.com\/@se\/115854520008532730","error":""},"_links":{"self":[{"href":"https:\/\/www.europesays.com\/se\/wp-json\/wp\/v2\/posts\/128589","targetHints":{"allow":["GET"]}}],"collection":[{"href":"https:\/\/www.europesays.com\/se\/wp-json\/wp\/v2\/posts"}],"about":[{"href":"https:\/\/www.europesays.com\/se\/wp-json\/wp\/v2\/types\/post"}],"author":[{"embeddable":true,"href":"https:\/\/www.europesays.com\/se\/wp-json\/wp\/v2\/users\/2"}],"replies":[{"embeddable":true,"href":"https:\/\/www.europesays.com\/se\/wp-json\/wp\/v2\/comments?post=128589"}],"version-history":[{"count":0,"href":"https:\/\/www.europesays.com\/se\/wp-json\/wp\/v2\/posts\/128589\/revisions"}],"wp:featuredmedia":[{"embeddable":true,"href":"https:\/\/www.europesays.com\/se\/wp-json\/wp\/v2\/media\/128590"}],"wp:attachment":[{"href":"https:\/\/www.europesays.com\/se\/wp-json\/wp\/v2\/media?parent=128589"}],"wp:term":[{"taxonomy":"category","embeddable":true,"href":"https:\/\/www.europesays.com\/se\/wp-json\/wp\/v2\/categories?post=128589"},{"taxonomy":"post_tag","embeddable":true,"href":"https:\/\/www.europesays.com\/se\/wp-json\/wp\/v2\/tags?post=128589"}],"curies":[{"name":"wp","href":"https:\/\/api.w.org\/{rel}","templated":true}]}}