{"id":128610,"date":"2026-01-07T15:43:37","date_gmt":"2026-01-07T15:43:37","guid":{"rendered":"https:\/\/www.europesays.com\/se\/128610\/"},"modified":"2026-01-07T15:43:37","modified_gmt":"2026-01-07T15:43:37","slug":"dyraste-huset-pa-gotland-salt-for-23-miljoner","status":"publish","type":"post","link":"https:\/\/www.europesays.com\/se\/128610\/","title":{"rendered":"Dyraste huset p\u00e5 Gotland s\u00e5lt f\u00f6r 23 miljoner"},"content":{"rendered":"<p>Totalt registrerades 522 fastighetsf\u00f6rs\u00e4ljningar p\u00e5 Gotland 2025, med ett snittpris p\u00e5 3,6 miljoner. F\u00f6rs\u00e4ljningarna i listan nedan g\u00e4ller f\u00f6r fastighetsf\u00f6rs\u00e4ljningar d\u00e4r lagfarten uppr\u00e4ttades senaste \u00e5ret, \u00e4ven om fastigheten kan ha s\u00e5lts tidigare.\u00a050. 5,8 miljoner, VisbyF\u00f6rs\u00e4ljningen av fastigheten p\u00e5 adressen Eneqvistgatan 11 i Visby blev klar. Huset \u00e4r 111 kvadrat<\/p>\n","protected":false},"excerpt":{"rendered":"Totalt registrerades 522 fastighetsf\u00f6rs\u00e4ljningar p\u00e5 Gotland 2025, med ett snittpris p\u00e5 3,6 miljoner. F\u00f6rs\u00e4ljningarna i listan nedan g\u00e4ller&hellip;\n","protected":false},"author":2,"featured_media":128611,"comment_status":"","ping_status":"","sticky":false,"template":"","format":"standard","meta":{"footnotes":""},"categories":[67],"tags":[104,34,31,33,32,30,105],"class_list":{"0":"post-128610","1":"post","2":"type-post","3":"status-publish","4":"format-standard","5":"has-post-thumbnail","7":"category-underhallning","8":"tag-entertainment","9":"tag-se","10":"tag-svenska","11":"tag-sverige","12":"tag-sweden","13":"tag-swedish","14":"tag-underhallning"},"share_on_mastodon":{"url":"https:\/\/pubeurope.com\/@se\/115854586851200633","error":""},"_links":{"self":[{"href":"https:\/\/www.europesays.com\/se\/wp-json\/wp\/v2\/posts\/128610","targetHints":{"allow":["GET"]}}],"collection":[{"href":"https:\/\/www.europesays.com\/se\/wp-json\/wp\/v2\/posts"}],"about":[{"href":"https:\/\/www.europesays.com\/se\/wp-json\/wp\/v2\/types\/post"}],"author":[{"embeddable":true,"href":"https:\/\/www.europesays.com\/se\/wp-json\/wp\/v2\/users\/2"}],"replies":[{"embeddable":true,"href":"https:\/\/www.europesays.com\/se\/wp-json\/wp\/v2\/comments?post=128610"}],"version-history":[{"count":0,"href":"https:\/\/www.europesays.com\/se\/wp-json\/wp\/v2\/posts\/128610\/revisions"}],"wp:featuredmedia":[{"embeddable":true,"href":"https:\/\/www.europesays.com\/se\/wp-json\/wp\/v2\/media\/128611"}],"wp:attachment":[{"href":"https:\/\/www.europesays.com\/se\/wp-json\/wp\/v2\/media?parent=128610"}],"wp:term":[{"taxonomy":"category","embeddable":true,"href":"https:\/\/www.europesays.com\/se\/wp-json\/wp\/v2\/categories?post=128610"},{"taxonomy":"post_tag","embeddable":true,"href":"https:\/\/www.europesays.com\/se\/wp-json\/wp\/v2\/tags?post=128610"}],"curies":[{"name":"wp","href":"https:\/\/api.w.org\/{rel}","templated":true}]}}