{"id":128618,"date":"2026-01-07T15:51:07","date_gmt":"2026-01-07T15:51:07","guid":{"rendered":"https:\/\/www.europesays.com\/se\/128618\/"},"modified":"2026-01-07T15:51:07","modified_gmt":"2026-01-07T15:51:07","slug":"familjefesten-en-bandyfest-for-hela-familjen","status":"publish","type":"post","link":"https:\/\/www.europesays.com\/se\/128618\/","title":{"rendered":"Familjefesten \u2013 en bandyfest f\u00f6r hela familjen"},"content":{"rendered":"<p>\t\t\t\t\t\t07 jan Familjefesten \u2013 en bandyfest f\u00f6r hela familjen<\/p>\n<p>\t\t\t\t\t\t\tPosted at 16:31h<br \/>\n\t\t\t\t\t\t\tin <a href=\"https:\/\/bollnasbandy.se\/category\/nyheter\/\" rel=\"category tag nofollow noopener\" target=\"_blank\">Nyheter<\/a><br \/>\n\t\t\t\t\t\t\t\tby\t\t\t\t\t\t\t\t<a itemprop=\"author\" class=\"post_author_link\" href=\"https:\/\/bollnasbandy.se\/author\/par\/\" rel=\"nofollow noopener\" target=\"_blank\">P\u00e4r Linde<\/a><\/p>\n<p>I samband med herrlagets toppm\u00f6te mot IK Sirius arrangerade Bolln\u00e4s Bandy Familjefesten \u2013 en heldag fylld av bandygl\u00e4dje, aktiviteter och gemenskap. Resultatet blev precis det vi hoppades p\u00e5: en fantastisk folkfest d\u00e4r hela Bolln\u00e4<\/p>\n<p>Fr\u00e5n morgon till sen kv\u00e4ll fylldes arenan av skratt, skridsko\u00e5kning, barnmatcher, god mat, godisregn, t\u00e4vlingar och m\u00f6ten mellan supportrar, spelare och f\u00f6rening. Att se s\u00e5 m\u00e5nga barn, ungdomar och familjer p\u00e5 plats \u2013 b\u00e5de p\u00e5 isen och p\u00e5 l\u00e4ktaren \u2013 v\u00e4rmer enormt.<\/p>\n<p>En extra h\u00f6jdpunkt var att alla bes\u00f6kare hade fri entr\u00e9, n\u00e5got som gjorde det m\u00f6jligt f\u00f6r \u00e4nnu fler att uppleva bandy p\u00e5 h\u00f6gsta niv\u00e5. Det hade inte varit m\u00f6jligt utan det starka st\u00f6d vi fick fr\u00e5n v\u00e5ra partners.<\/p>\n<p>\u00a0<\/p>\n<p>\nEtt stort och varmt tack\n<\/p>\n<p>Vi vill rikta ett stort tack till alla som deltog, till alla funktion\u00e4rer som gjorde dagen m\u00f6jlig \u2013 och inte minst till v\u00e5ra partners som gemensamt betalade in den fria entr\u00e9n och bidrog till att g\u00f6ra Familjefesten m\u00f6jlig.<\/p>\n<p>\u00a0<\/p>\n<p>\nHuvudpartner\n<\/p>\n<p>\u00c5gren &amp; Partners G\u00e4vleborg<\/p>\n<p>\u00a0<\/p>\n<p>\nGuldpartner\n<\/p>\n<p>\nSilverpartner\n<\/p>\n<p>Advokatfirma K-G Myhrberg<\/p>\n<p>Svensk Fastighetsf\u00f6rmedling<\/p>\n<p>Br\u00f6derna Jonsson Transport<\/p>\n<p>Jan Isaksson Skogskonsult<\/p>\n<p>H\u00e5kans Radio TV &amp; Vitvaror<\/p>\n<p>Revisionsbyr\u00e5n Ros\u00e9n &amp; Pettersson<\/p>\n<p>\nBronspartner\n<\/p>\n<p>\nTillsammans skapar vi framtidens bandy\n<\/p>\n<p>Familjefesten visade vilken kraft som finns n\u00e4r f\u00f6rening, n\u00e4ringsliv och publik samverkar. Det h\u00e4r \u00e4r precis den typen av evenemang vi vill forts\u00e4tta utveckla \u2013 d\u00e4r bandyn \u00e4r navet, men gemenskapen \u00e4r hj\u00e4rtat.<\/p>\n<p>Tack f\u00f6r att ni var med och gjorde Familjefesten till en dag att minnas. Vi ses snart igen i SBB Arena!<\/p>\n","protected":false},"excerpt":{"rendered":"07 jan Familjefesten \u2013 en bandyfest f\u00f6r hela familjen Posted at 16:31h in Nyheter by P\u00e4r Linde I&hellip;\n","protected":false},"author":2,"featured_media":128619,"comment_status":"","ping_status":"","sticky":false,"template":"","format":"standard","meta":{"footnotes":""},"categories":[67],"tags":[104,34,31,33,32,30,105],"class_list":{"0":"post-128618","1":"post","2":"type-post","3":"status-publish","4":"format-standard","5":"has-post-thumbnail","7":"category-underhallning","8":"tag-entertainment","9":"tag-se","10":"tag-svenska","11":"tag-sverige","12":"tag-sweden","13":"tag-swedish","14":"tag-underhallning"},"share_on_mastodon":{"url":"https:\/\/pubeurope.com\/@se\/115854618309298759","error":""},"_links":{"self":[{"href":"https:\/\/www.europesays.com\/se\/wp-json\/wp\/v2\/posts\/128618","targetHints":{"allow":["GET"]}}],"collection":[{"href":"https:\/\/www.europesays.com\/se\/wp-json\/wp\/v2\/posts"}],"about":[{"href":"https:\/\/www.europesays.com\/se\/wp-json\/wp\/v2\/types\/post"}],"author":[{"embeddable":true,"href":"https:\/\/www.europesays.com\/se\/wp-json\/wp\/v2\/users\/2"}],"replies":[{"embeddable":true,"href":"https:\/\/www.europesays.com\/se\/wp-json\/wp\/v2\/comments?post=128618"}],"version-history":[{"count":0,"href":"https:\/\/www.europesays.com\/se\/wp-json\/wp\/v2\/posts\/128618\/revisions"}],"wp:featuredmedia":[{"embeddable":true,"href":"https:\/\/www.europesays.com\/se\/wp-json\/wp\/v2\/media\/128619"}],"wp:attachment":[{"href":"https:\/\/www.europesays.com\/se\/wp-json\/wp\/v2\/media?parent=128618"}],"wp:term":[{"taxonomy":"category","embeddable":true,"href":"https:\/\/www.europesays.com\/se\/wp-json\/wp\/v2\/categories?post=128618"},{"taxonomy":"post_tag","embeddable":true,"href":"https:\/\/www.europesays.com\/se\/wp-json\/wp\/v2\/tags?post=128618"}],"curies":[{"name":"wp","href":"https:\/\/api.w.org\/{rel}","templated":true}]}}