{"id":128622,"date":"2026-01-07T15:56:25","date_gmt":"2026-01-07T15:56:25","guid":{"rendered":"https:\/\/www.europesays.com\/se\/128622\/"},"modified":"2026-01-07T15:56:25","modified_gmt":"2026-01-07T15:56:25","slug":"stora-snomangder-vantas-under-torsdagen-ge-dig-inte-ut-i-trafiken-om-du-inte-maste","status":"publish","type":"post","link":"https:\/\/www.europesays.com\/se\/128622\/","title":{"rendered":"Stora sn\u00f6m\u00e4ngder v\u00e4ntas under torsdagen &#8211; ge dig inte ut i trafiken om du inte m\u00e5ste"},"content":{"rendered":"<p class=\"normal\">Ov\u00e4dret Anna drar norrut och tr\u00e4ffar enligt prognoserna H\u00e4rn\u00f6sand och hela V\u00e4sternorrlandskusten under torsdagen och fredag morgon. Det kan ge 20 till 40 centimeter sn\u00f6 under ett drygt dygn. Lokalt kanske \u00e4nnu lite mer \u00e4n s\u00e5.<\/p>\n<p class=\"normal\">Detta kommer i kombination med frisk ostvind och sammantaget inneb\u00e4r det att risken \u00e4r stor f\u00f6r trafikproblem, sn\u00f6 p\u00e5 grund av sn\u00f6drev, trafikolyckor och stillast\u00e5ende fordon. \u00c4ven viktiga samh\u00e4llsfunktioner s\u00e5som sn\u00f6r\u00f6jning och r\u00e4ddningstj\u00e4nst kan ha sv\u00e5rt att ta sig fram. F\u00f6rseningar eller inst\u00e4llda avg\u00e5ngar inom kollektivtrafiken \u00e4r sannolika.<\/p>\n<p class=\"normal\">D\u00e4rf\u00f6r uppmanas trafikanter att s\u00e5 l\u00e5ngt det \u00e4r m\u00f6jligt att stanna hemma.<\/p>\n<p class=\"normal\">H\u00e4rn\u00f6sands kommun r\u00e4knar med att bedriva sina verksamheter som vanligt.<\/p>\n<p class=\"normal\">HEMAB har meddelat att man st\u00e4ller in sopt\u00f6mningen under torsdagen. <a href=\"https:\/\/www.facebook.com\/photo?fbid=1453613566772760&amp;set=a.478719977595462\" rel=\"nofollow noopener\" target=\"_blank\">L\u00e4s mer om sopt\u00f6mningen h\u00e4r.  L\u00e4nk till annan webbplats.<\/a><\/p>\n<p>H\u00e5ll dig uppdaterad<\/p>\n<p class=\"normal\">SMHI:s v\u00e4derprognoser: <a href=\"https:\/\/www.smhi.se\/?fbclid=IwZXh0bgNhZW0CMTAAYnJpZBExSmllWnVTOGZQbWJBcnR2YXNydGMGYXBwX2lkEDIyMjAzOTE3ODgyMDA4OTIAAR6_e5yG6xgTASmRcUAEB32UDgcR1_THzB05q2f7MB5TYuGgORzoYatPwJdHgg_aem_34xkSzoUoWyPlpyjrf_URQ\" rel=\"nofollow noopener\" target=\"_blank\">https:\/\/www.smhi.se\/ L\u00e4nk till annan webbplats.<\/a><\/p>\n<p class=\"normal\">Sveriges Radio P4 trafikredaktion om trafikl\u00e4get: <a href=\"https:\/\/www.sverigesradio.se\/trafiken\/vasternorrland?fbclid=IwZXh0bgNhZW0CMTAAYnJpZBExSmllWnVTOGZQbWJBcnR2YXNydGMGYXBwX2lkEDIyMjAzOTE3ODgyMDA4OTIAAR7CeD8zF1HFsPSg0cqg_8IaaaoXn4d6UEHaXfjgIu6uKrkJFLKYGejpWXsD3g_aem_Wem77je92OyAgQOG5f7tqg\" rel=\"nofollow noopener\" target=\"_blank\">https:\/\/www.sverigesradio.se\/trafiken\/vasternorrland L\u00e4nk till annan webbplats.<\/a><\/p>\n<p class=\"normal\">Trafikverkets trafikinformation: <a href=\"https:\/\/l.facebook.com\/l.php?u=https%3A%2F%2Fwww.trafikverket.se%2F%3Ffbclid%3DIwZXh0bgNhZW0CMTAAYnJpZBExSmllWnVTOGZQbWJBcnR2YXNydGMGYXBwX2lkEDIyMjAzOTE3ODgyMDA4OTIAAR4-Gf4wWVppjvj-X29KcKQtsEK9jJ65ADdWodkN8f1Gu6I37BkL0Rb9ETF9Vg_aem_d8mQb3XGr27Xd4FxJ_qBrA&amp;h=AT07mtMoIUZKIxZpWyebnLXwWn10r8bzw4kobLXi7srGU001_HkATiHuDS4ccHQAJFQdKdU3g1F15nwaeFe3pkrcbkZvyOc00ztyoLGJQo7oeDje48Qm3adkfAXNHm7m4YTYYnO2-rwMt8gT&amp;__tn__=-UK-R&amp;c[0]=AT1V4RlVNyVi1dN79BCwXzFYQi9U4XBzPIfxP7IeUsaRpup9QO_oTTYodUdoE5du3U6zatUX3P72xKaNX1wRKhFxnGFxiAaa5Jg8vYY6oySlfhdfPqOo4PGcXSQPp1w4-wDiCt6B7jRwyhsdjAmblQeVoml9eaB8Ku0jKoMu03l1Q8WRwxt3EdqxrkV48_I5Gd1DeOZ6UgCW3ZEeEd5yOxUG9w\" rel=\"nofollow noopener\" target=\"_blank\">https:\/\/www.trafikverket.se\/ L\u00e4nk till annan webbplats.<\/a><\/p>\n","protected":false},"excerpt":{"rendered":"Ov\u00e4dret Anna drar norrut och tr\u00e4ffar enligt prognoserna H\u00e4rn\u00f6sand och hela V\u00e4sternorrlandskusten under torsdagen och fredag morgon. Det&hellip;\n","protected":false},"author":2,"featured_media":128623,"comment_status":"","ping_status":"","sticky":false,"template":"","format":"standard","meta":{"footnotes":""},"categories":[5],"tags":[22,23,26,27,17,21,24,25,28,29,15,16,18,34,12864,13262,31,33,32,30,19,20,366,13263,693,12671],"class_list":{"0":"post-128622","1":"post","2":"type-post","3":"status-publish","4":"format-standard","5":"has-post-thumbnail","7":"category-rubriker","8":"tag-breaking-news","9":"tag-breakingnews","10":"tag-featured-news","11":"tag-featurednews","12":"tag-headlines","13":"tag-huvudnyheter","14":"tag-latest-news","15":"tag-latestnews","16":"tag-main-news","17":"tag-mainnews","18":"tag-news","19":"tag-nyheter","20":"tag-rubriker","21":"tag-se","22":"tag-sno","23":"tag-snoovader","24":"tag-svenska","25":"tag-sverige","26":"tag-sweden","27":"tag-swedish","28":"tag-top-stories","29":"tag-topstories","30":"tag-trafik","31":"tag-trafikproblem","32":"tag-vader","33":"tag-vadervarning"},"share_on_mastodon":{"url":"https:\/\/pubeurope.com\/@se\/115854637974256041","error":""},"_links":{"self":[{"href":"https:\/\/www.europesays.com\/se\/wp-json\/wp\/v2\/posts\/128622","targetHints":{"allow":["GET"]}}],"collection":[{"href":"https:\/\/www.europesays.com\/se\/wp-json\/wp\/v2\/posts"}],"about":[{"href":"https:\/\/www.europesays.com\/se\/wp-json\/wp\/v2\/types\/post"}],"author":[{"embeddable":true,"href":"https:\/\/www.europesays.com\/se\/wp-json\/wp\/v2\/users\/2"}],"replies":[{"embeddable":true,"href":"https:\/\/www.europesays.com\/se\/wp-json\/wp\/v2\/comments?post=128622"}],"version-history":[{"count":0,"href":"https:\/\/www.europesays.com\/se\/wp-json\/wp\/v2\/posts\/128622\/revisions"}],"wp:featuredmedia":[{"embeddable":true,"href":"https:\/\/www.europesays.com\/se\/wp-json\/wp\/v2\/media\/128623"}],"wp:attachment":[{"href":"https:\/\/www.europesays.com\/se\/wp-json\/wp\/v2\/media?parent=128622"}],"wp:term":[{"taxonomy":"category","embeddable":true,"href":"https:\/\/www.europesays.com\/se\/wp-json\/wp\/v2\/categories?post=128622"},{"taxonomy":"post_tag","embeddable":true,"href":"https:\/\/www.europesays.com\/se\/wp-json\/wp\/v2\/tags?post=128622"}],"curies":[{"name":"wp","href":"https:\/\/api.w.org\/{rel}","templated":true}]}}