{"id":128624,"date":"2026-01-07T15:59:07","date_gmt":"2026-01-07T15:59:07","guid":{"rendered":"https:\/\/www.europesays.com\/se\/128624\/"},"modified":"2026-01-07T15:59:07","modified_gmt":"2026-01-07T15:59:07","slug":"klart-varmlanningar-soker-karleken-i-bonde-soker-fru-andra-sommaren-nwt","status":"publish","type":"post","link":"https:\/\/www.europesays.com\/se\/128624\/","title":{"rendered":"KLART: V\u00e4rml\u00e4nningar s\u00f6ker k\u00e4rleken i Bonde s\u00f6ker fru \u2013 andra sommaren &#8211; NWT"},"content":{"rendered":"<ol>\n<li><a href=\"https:\/\/news.google.com\/rss\/articles\/CBMinwFBVV95cUxNNFNWMW9xaTAteFVRX0ZRaVFNVFVjcm1fbkpMWGZXOXVCTWVINVFVSTg1dzZKYmxfWjhoSE45eU1Hb09rcW4xOXRWd2t1V1duNmhaWHVzRU9VRzFmT0lzZ3pnUUhSYXluZWZSOEpiaEJDcVphVFBiQVk4TmM1YTg5aElreTU3OWREcnNLcFlDN204azhteHp5WUt0bDdtcGM?oc=5\" target=\"_blank\" rel=\"nofollow noopener\">KLART: V\u00e4rml\u00e4nningar s\u00f6ker k\u00e4rleken i Bonde s\u00f6ker fru \u2013 andra sommaren<\/a>&nbsp;&nbsp;NWT<\/li>\n<li><a href=\"https:\/\/news.google.com\/rss\/articles\/CBMirAFBVV95cUxPcGpUOURReThnOFZzVkVIcEFLQ1BES0xnTTM4MnpxOWZ5M0UxN0laM3h4ckZTVFhfMllvbDhINEhpUklHOEgwbXRaTENQQUVZUTFxNjBsTE5aOTQxMEE1NVJFZFV0LXRLczJwZUM2ZTZGT1J6SldwalNCcmthMVVRck1Ycm5uM1YtcG9UUHE5a1l3R2E1eTNaa043ck11M0ZzaVQ1dS1BbHM0elNZ?oc=5\" target=\"_blank\" rel=\"nofollow noopener\">De s\u00f6ker k\u00e4rleken i Bonde s\u00f6ker fru \u2013 andra sommaren 2026<\/a>&nbsp;&nbsp;TV4 Nyheterna<\/li>\n<li><a href=\"https:\/\/news.google.com\/rss\/articles\/CBMikwFBVV95cUxPMkhBa0lReU04UlBPUFJYR3VTM0pGS01RUEtUUWlMRGlKX3hLY0NLdmtlLXp2ODd4UlhSUU5BQnphVVNrM0FNUEtDejVEd2RNU09qTHNzZjRtNFMxWlptWjdpN0hnb00za0sxTVhodHRhdGpmWnhfaVR0RzBoVmkwZ1B3WlFaV2gzNV80MmtBQnRxN2s?oc=5\" target=\"_blank\" rel=\"nofollow noopener\">H\u00e4r \u00e4r alla brevskrivare i Bonde s\u00f6ker fru \u2013 andra sommaren \u2022 Hela listan!<\/a>&nbsp;&nbsp;H\u00e4nt<\/li>\n<li><a href=\"https:\/\/news.google.com\/rss\/articles\/CBMisAFBVV95cUxQQW94RnpaaFNqME5qOW5yMHRJbWJXakVmS0Z3eTBTS1FET3puYkpOM3JncHJWODkzT2o1VHNqUGJoREVUSGVBZU1HT2hFU3ZSZThJZmNtSDhDdlo4czFqcktTaElLVmpLa2w2dmt6M0c3SVZRQ09LNi13SEFWdC1PVUZfOHNNc281TTk1ZEU5NzBIbDVxTEZyYW1OUEpKRWRWeWt3eXhDdEl3TlFzZFVfRA?oc=5\" target=\"_blank\" rel=\"nofollow noopener\">I veckan \u00e4r det premi\u00e4r f\u00f6r \u201dBonde s\u00f6ker fru \u2013 andra sommaren\u201d 2026 p\u00e5 TV4<\/a>&nbsp;&nbsp;Realitytopp<\/li>\n<li><a href=\"https:\/\/news.google.com\/rss\/articles\/CBMiiwFBVV95cUxPaXdCdTY4OTlqVzhZUWpNNmktRE5qSTJhOEw4OHEzcHZ2bnp2MzRMZVdJZ0d5cG1oaW90c2hCNlg1UHU2RF92eXpnc2UyaWNYODBkOHc5aC15Y3NkWDN3cm9iQk9ZOGtBQUk0MkRJYzlfMnRSYjJaM2JzNm9seUF4NXRGOXNUdnVRRF84?oc=5\" target=\"_blank\" rel=\"nofollow noopener\">H\u00e4r \u00e4r alla brevskrivare i Bonde s\u00f6ker fru &#8211; andra sommaren<\/a>&nbsp;&nbsp;TV4 &#8211; presstj\u00e4nst<\/li>\n<\/ol>\n","protected":false},"excerpt":{"rendered":"KLART: V\u00e4rml\u00e4nningar s\u00f6ker k\u00e4rleken i Bonde s\u00f6ker fru \u2013 andra sommaren&nbsp;&nbsp;NWT De s\u00f6ker k\u00e4rleken i Bonde s\u00f6ker fru&hellip;\n","protected":false},"author":2,"featured_media":128625,"comment_status":"","ping_status":"","sticky":false,"template":"","format":"standard","meta":{"footnotes":""},"categories":[67],"tags":[104,34,31,33,32,30,105],"class_list":{"0":"post-128624","1":"post","2":"type-post","3":"status-publish","4":"format-standard","5":"has-post-thumbnail","7":"category-underhallning","8":"tag-entertainment","9":"tag-se","10":"tag-svenska","11":"tag-sverige","12":"tag-sweden","13":"tag-swedish","14":"tag-underhallning"},"share_on_mastodon":{"url":"https:\/\/pubeurope.com\/@se\/115854649749201668","error":""},"_links":{"self":[{"href":"https:\/\/www.europesays.com\/se\/wp-json\/wp\/v2\/posts\/128624","targetHints":{"allow":["GET"]}}],"collection":[{"href":"https:\/\/www.europesays.com\/se\/wp-json\/wp\/v2\/posts"}],"about":[{"href":"https:\/\/www.europesays.com\/se\/wp-json\/wp\/v2\/types\/post"}],"author":[{"embeddable":true,"href":"https:\/\/www.europesays.com\/se\/wp-json\/wp\/v2\/users\/2"}],"replies":[{"embeddable":true,"href":"https:\/\/www.europesays.com\/se\/wp-json\/wp\/v2\/comments?post=128624"}],"version-history":[{"count":0,"href":"https:\/\/www.europesays.com\/se\/wp-json\/wp\/v2\/posts\/128624\/revisions"}],"wp:featuredmedia":[{"embeddable":true,"href":"https:\/\/www.europesays.com\/se\/wp-json\/wp\/v2\/media\/128625"}],"wp:attachment":[{"href":"https:\/\/www.europesays.com\/se\/wp-json\/wp\/v2\/media?parent=128624"}],"wp:term":[{"taxonomy":"category","embeddable":true,"href":"https:\/\/www.europesays.com\/se\/wp-json\/wp\/v2\/categories?post=128624"},{"taxonomy":"post_tag","embeddable":true,"href":"https:\/\/www.europesays.com\/se\/wp-json\/wp\/v2\/tags?post=128624"}],"curies":[{"name":"wp","href":"https:\/\/api.w.org\/{rel}","templated":true}]}}