{"id":128640,"date":"2026-01-07T16:15:11","date_gmt":"2026-01-07T16:15:11","guid":{"rendered":"https:\/\/www.europesays.com\/se\/128640\/"},"modified":"2026-01-07T16:15:11","modified_gmt":"2026-01-07T16:15:11","slug":"enkat-falubor-om-gangna-aret-och-forhoppningarna-pa-2026","status":"publish","type":"post","link":"https:\/\/www.europesays.com\/se\/128640\/","title":{"rendered":"ENK\u00c4T: Falubor om g\u00e5ngna \u00e5ret \u2013 och f\u00f6rhoppningarna p\u00e5 2026"},"content":{"rendered":"<p><img loading=\"lazy\" decoding=\"async\" data-lazyloaded=\"1\" width=\"768\" height=\"512\" src=\"https:\/\/www.europesays.com\/se\/wp-content\/uploads\/2026\/01\/20251222-ENKAT-FRIDA-768x512.jpg\" class=\"attachment-medium_large size-medium_large wp-image-117298\" alt=\"Frida \u00d6nnerberg.\"  data-\/>Frida \u00d6nnerberg, en av fem Falubor som f\u00f6r tidningen ger sin syn p\u00e5 det g\u00e5ngna \u00e5ret. Och det som de hoppas p\u00e5 under 2026. Foto: Sonny Jonasson<\/p>\n<p>\nFALUN. Tidningen tog inf\u00f6r \u00e5rsskiftet pulsen p\u00e5 n\u00e5gra Falubor. Med blicken i b\u00e5de backspegel och mot horisonten ombads de besvara f\u00f6ljande:<br \/>\n\u275a 1. Vad var positivt under 2025?<br \/>\n\u275a 2. Vad hoppas du p\u00e5 2026?<\/p>\n<p><img loading=\"lazy\" data-lazyloaded=\"1\" decoding=\"async\" class=\"size-large wp-image-117300\" src=\"https:\/\/www.europesays.com\/se\/wp-content\/uploads\/2026\/01\/20251222-ENKAT-JERKER-1024x918.jpg\" alt=\"Jerker Enarsson.\" width=\"800\" height=\"717\"  data-\/>Jerker Enarsson, 58 \u00e5r, ordf\u00f6rande i Falu BS fotboll, Falun<br \/>1. \u2013 Att f\u00e5 arbeta med barn- och ungdomsidrott, och fotbollen specifikt. Det \u00e4r det finaste arbete jag vet.<br \/>2. \u2013 Fred s\u00e5 fort som m\u00f6jligt, och att vi lyssnar p\u00e5 varandra. Att vi s\u00f6ker f\u00f6rst\u00e5else i st\u00e4llet f\u00f6r att d\u00f6ma. Foto: Sonny Jonasson<\/p>\n<p>\u00a0<\/p>\n<p><img loading=\"lazy\" data-lazyloaded=\"1\" decoding=\"async\" class=\"wp-image-117301 size-large\" src=\"https:\/\/www.europesays.com\/se\/wp-content\/uploads\/2026\/01\/20251222-ENKAT-SOFIA-1024x683.jpg\" alt=\"Sofia Berglund.\" width=\"800\" height=\"534\"  data-\/>Sofia Berglund, 53 \u00e5r, butiks\u00e4gare, Falun<br \/>1. \u2013 Trots mycket negativt s\u00e5 har jag varit stark och tagit mig igenom det, och det \u00e4r v\u00e4ldigt positivt.<br \/>2. \u2013 Jag hoppas att jag f\u00e5r vara frisk. Foto: Sonny Jonasson<\/p>\n<p>\u00a0<\/p>\n<p><img loading=\"lazy\" data-lazyloaded=\"1\" decoding=\"async\" class=\"size-large wp-image-117302\" src=\"https:\/\/www.europesays.com\/se\/wp-content\/uploads\/2026\/01\/20251222-ENKAT-PER-1024x928.jpg\" alt=\"Per Johansson.\" width=\"800\" height=\"725\"  data-\/>Per Johansson, 59 \u00e5r, chef, Falun<br \/>1. \u2013 Nobelpriset i litteratur. Helt r\u00e4tt person vann i mitt tycke, och i synnerhet vinnartalet \u00e4r \u00e4ven det v\u00e4rt att lyfta fram.<br \/>2. \u2013 Att det kan bli fred i Ukraina. Foto: Sonny Jonasson<\/p>\n<p>\u00a0<\/p>\n<p><img loading=\"lazy\" data-lazyloaded=\"1\" decoding=\"async\" class=\"size-large wp-image-117303\" src=\"https:\/\/www.europesays.com\/se\/wp-content\/uploads\/2026\/01\/20251222-ENKAT-VIOLA-1024x683.jpg\" alt=\"Viola Johansson.\" width=\"800\" height=\"534\"  data-\/>Viola Johansson, 69 \u00e5r, pension\u00e4r, Falun<br \/>1. \u2013 Jag har helt fantastiska barn som alltid st\u00e4ller upp. Och s\u00e5 \u00e4r jag v\u00e4ldigt n\u00f6jd med Falun, det \u00e4r en fin stad att bo i.<br \/>2. \u2013 Sv\u00e5rt, som v\u00e4rlden ser ut i dag s\u00e5 finns det s\u00e5 mycket man hoppas kan f\u00f6r\u00e4ndras. Jag hoppas p\u00e5 en b\u00e4ttre v\u00e4rld. Foto: Sonny Jonasson<\/p>\n<p>\u00a0<\/p>\n<p><img loading=\"lazy\" data-lazyloaded=\"1\" decoding=\"async\" class=\"size-large wp-image-117304\" src=\"https:\/\/www.europesays.com\/se\/wp-content\/uploads\/2026\/01\/20251222-ENKAT-FRIDA-1-1024x683.jpg\" alt=\"Frida \u00d6nnerberg.\" width=\"800\" height=\"534\"  data-\/>Frida \u00d6nnerberg, 36 \u00e5r, entrepren\u00f6r, Falun<br \/>1. \u2013 Jag fick kontakt med mig sj\u00e4lv igen, b\u00e5de privat och yrkesm\u00e4ssigt.<br \/>2. \u2013 Att jag ska f\u00e5 skapa mer v\u00e4rde f\u00f6r m\u00e4nniskor, att det jag g\u00f6r ska f\u00e5 betydelse f\u00f6r andra. Foto: Sonny Jonasson<\/p>\n<p><strong>L\u00c4S MER:<\/strong> Fler nyheter fr\u00e5n Falun hittas <a href=\"https:\/\/lokalti.se\/falun\/\" rel=\"nofollow noopener\" target=\"_blank\">H\u00c4R<\/a>.<\/p>\n","protected":false},"excerpt":{"rendered":"Frida \u00d6nnerberg, en av fem Falubor som f\u00f6r tidningen ger sin syn p\u00e5 det g\u00e5ngna \u00e5ret. Och det&hellip;\n","protected":false},"author":2,"featured_media":128641,"comment_status":"","ping_status":"","sticky":false,"template":"","format":"standard","meta":{"footnotes":""},"categories":[67],"tags":[13264,104,5149,13265,13266,13267,34,31,33,32,30,105],"class_list":{"0":"post-128640","1":"post","2":"type-post","3":"status-publish","4":"format-standard","5":"has-post-thumbnail","7":"category-underhallning","8":"tag-enkat-falun","9":"tag-entertainment","10":"tag-falun","11":"tag-frida-onnerberg","12":"tag-jerker-enarsson","13":"tag-lokalbefolkning-falun","14":"tag-se","15":"tag-svenska","16":"tag-sverige","17":"tag-sweden","18":"tag-swedish","19":"tag-underhallning"},"share_on_mastodon":{"url":"https:\/\/pubeurope.com\/@se\/115854712811754455","error":""},"_links":{"self":[{"href":"https:\/\/www.europesays.com\/se\/wp-json\/wp\/v2\/posts\/128640","targetHints":{"allow":["GET"]}}],"collection":[{"href":"https:\/\/www.europesays.com\/se\/wp-json\/wp\/v2\/posts"}],"about":[{"href":"https:\/\/www.europesays.com\/se\/wp-json\/wp\/v2\/types\/post"}],"author":[{"embeddable":true,"href":"https:\/\/www.europesays.com\/se\/wp-json\/wp\/v2\/users\/2"}],"replies":[{"embeddable":true,"href":"https:\/\/www.europesays.com\/se\/wp-json\/wp\/v2\/comments?post=128640"}],"version-history":[{"count":0,"href":"https:\/\/www.europesays.com\/se\/wp-json\/wp\/v2\/posts\/128640\/revisions"}],"wp:featuredmedia":[{"embeddable":true,"href":"https:\/\/www.europesays.com\/se\/wp-json\/wp\/v2\/media\/128641"}],"wp:attachment":[{"href":"https:\/\/www.europesays.com\/se\/wp-json\/wp\/v2\/media?parent=128640"}],"wp:term":[{"taxonomy":"category","embeddable":true,"href":"https:\/\/www.europesays.com\/se\/wp-json\/wp\/v2\/categories?post=128640"},{"taxonomy":"post_tag","embeddable":true,"href":"https:\/\/www.europesays.com\/se\/wp-json\/wp\/v2\/tags?post=128640"}],"curies":[{"name":"wp","href":"https:\/\/api.w.org\/{rel}","templated":true}]}}