{"id":128660,"date":"2026-01-07T16:27:10","date_gmt":"2026-01-07T16:27:10","guid":{"rendered":"https:\/\/www.europesays.com\/se\/128660\/"},"modified":"2026-01-07T16:27:10","modified_gmt":"2026-01-07T16:27:10","slug":"nytt-foreningsbidrag-i-uddevalla-kommun-enklare-tydligare-och-mer-inkluderande","status":"publish","type":"post","link":"https:\/\/www.europesays.com\/se\/128660\/","title":{"rendered":"Nytt f\u00f6reningsbidrag i Uddevalla kommun \u2013 enklare, tydligare och mer inkluderande"},"content":{"rendered":"<p class=\"normal\">F\u00f6reningar, studief\u00f6rbund och civilsamh\u00e4llesakt\u00f6rer spelar en avg\u00f6rande roll f\u00f6r folkh\u00e4lsa, trygghet, inkludering, kultur och delaktighet. Att st\u00e4rka civilsamh\u00e4llet har l\u00e4nge varit en prioriterad fr\u00e5ga i Uddevalla kommun. Kultur- och fritidsn\u00e4mnden har godk\u00e4nt best\u00e4mmelserna f\u00f6r f\u00f6reningsbidrag, som tr\u00e4dde i kraft vid \u00e5rsskiftet.<\/p>\n<p class=\"normal\">Det nya st\u00f6det har tagits fram i n\u00e4ra dialog med f\u00f6reningar och civilsamh\u00e4llet. \u00c4ven politiken och tj\u00e4nstepersoner har varit delaktiga i arbetet. Vi har ocks\u00e5 tittat p\u00e5 hur andra kommuner utformar sina bidrag. F\u00f6r\u00e4ndringen inneb\u00e4r ett skifte fr\u00e5n typbaserade till kategoribaserade bidrag, d\u00e4r verksamhetens inneh\u00e5ll och samh\u00e4llsnytta st\u00e5r i centrum. P\u00e5 s\u00e5 s\u00e4tt kan Uddevalla erbjuda ett modernt st\u00f6d som \u00e4r r\u00e4ttss\u00e4kert, l\u00e5ngsiktigt h\u00e5llbart och b\u00e4ttre anpassat till f\u00f6reningarnas och civilsamh\u00e4llets behov.<\/p>\n<p class=\"normal\">Ans\u00f6kan sker digitalt och bygger p\u00e5 tydliga kriterier, automatiserade kontroller och \u00f6kad transparens. S\u00e4rskild h\u00e4nsyn tas till prioriterade m\u00e5lgrupper som barn och unga, personer med funktionsvariation och \u00e4ldre.<\/p>\n<p class=\"normal\">En del f\u00f6reningar har upplevt att det varit sv\u00e5rt att f\u00f6rst\u00e5 vilka bidrag de har r\u00e4tt till, och att vissa bidragskategorier inte matchar deras behov. D\u00e4rf\u00f6r har vi tagit fram ett nytt regelverk som ska g\u00f6ra det l\u00e4ttare att s\u00f6ka st\u00f6d.<\/p>\n<p class=\"normal\">Under 2025 s\u00f6kte f\u00f6reningarna inte bidrag i den omfattning som f\u00f6rv\u00e4ntades. Det innebar att det i slutet av \u00e5ret fanns utrymme kvar i budgeten f\u00f6r att f\u00f6rdela extra medel till f\u00f6reningslivet. D\u00e4rf\u00f6r f\u00f6rdelade vi 2 560 000 kronor, delat p\u00e5 antalet f\u00f6reningar som var bidragsber\u00e4ttigade under 2025. Det inneb\u00e4r 20 000 kronor i extra st\u00f6d per bidragsber\u00e4ttigad f\u00f6rening.<\/p>\n<p>Sammanfattning p\u00e5 vad som \u00e4r nytt under 2026<\/p>\n<ul class=\" env-text-list normal\">\n<li><strong>\u00d6ppet f\u00f6r fler<\/strong><br \/>Det nya bidraget baseras p\u00e5 vad verksamheten g\u00f6r och vilka den n\u00e5r \u2013 inte vilken typ av organisation den \u00e4r. Etablerade f\u00f6reningar och studief\u00f6rbund, s\u00e5 som stiftelser, n\u00e4tverk, projekt och nya organisationsformer kan ans\u00f6ka om st\u00f6d.<\/li>\n<li><strong>Fokus p\u00e5 verksamhetens inneh\u00e5ll och nytta<\/strong><br \/>F\u00f6reningar och civilsamh\u00e4llesakt\u00f6rer som bedriver aktiviteter f\u00f6r kommunens inv\u00e5nare kan s\u00f6ka bidrag \u00e4ven om de har sitt s\u00e4te i en annan kommun. Det viktigaste \u00e4r att st\u00f6det g\u00e5r till det som g\u00f6r skillnad f\u00f6r kommunens inv\u00e5nare.<\/li>\n<li><strong>Prioriterade grupper<\/strong><br \/>S\u00e4rskild h\u00e4nsyn tas till barn och unga, \u00e4ldre och personer med funktionsvariation. Det g\u00f6rs genom att m\u00f6jligg\u00f6ra st\u00f6d f\u00f6r riktade aktiviteter som bidrar till \u00f6kad inkludering och social h\u00e5llbarhet.<\/li>\n<li><strong>Flera nya och f\u00f6rb\u00e4ttrade bidragskategorier<\/strong><br \/>Bland annat finns nu ett nystartsbidrag f\u00f6r att g\u00f6ra det enklare f\u00f6r nya initiativ att komma i g\u00e5ng och ett utvecklingsbidrag som ger st\u00f6d till innovation och nya metoder. Lokal- och aktivitetsbidraget h\u00f6js f\u00f6r b\u00e4ttre m\u00f6ta faktiska kostnader och behov.<\/li>\n<li><strong>Digital och tydlig ans\u00f6kan<\/strong><br \/>Ans\u00f6kningsprocessen \u00e4r digitaliserad och delvis automatiserad f\u00f6r \u00f6kad r\u00e4ttss\u00e4kerhet och enkelhet.<\/li>\n<\/ul>\n<p>Ans\u00f6kningsprocessen och information<\/p>\n<p class=\"normal\">Alla ans\u00f6kningar kommer g\u00f6ras digitalt p\u00e5 Rbok. D\u00e4r kommer det finnas tydliga kriterier f\u00f6r varje bidragskategori. Vi kommer \u00e5terkomma med exakta datum och information om ans\u00f6kningsperioder f\u00f6r varje bidragskategori.<\/p>\n<p class=\"normal\">Det nya bidragssystemet \u00e4r ett stort steg mot mer r\u00e4ttvisa och transparenta beslut, minskad risk f\u00f6r godtycke och ett starkare, inkluderande f\u00f6reningsliv.<\/p>\n<p class=\"normal\">Vi ser fram emot att ber\u00e4tta mer om det nya st\u00f6det och vad det inneb\u00e4r vid en digital infotr\u00e4ff d\u00e4r det \u00e4ven finns m\u00f6jlighet att st\u00e4lla fr\u00e5gor. Datum och information om anm\u00e4lan hittar du h\u00e4r:<\/p>\n","protected":false},"excerpt":{"rendered":"F\u00f6reningar, studief\u00f6rbund och civilsamh\u00e4llesakt\u00f6rer spelar en avg\u00f6rande roll f\u00f6r folkh\u00e4lsa, trygghet, inkludering, kultur och delaktighet. Att st\u00e4rka civilsamh\u00e4llet&hellip;\n","protected":false},"author":2,"featured_media":128661,"comment_status":"","ping_status":"","sticky":false,"template":"","format":"standard","meta":{"footnotes":""},"categories":[12],"tags":[22,23,26,27,17,21,24,25,28,29,15,16,18,34,31,33,32,30,19,20],"class_list":{"0":"post-128660","1":"post","2":"type-post","3":"status-publish","4":"format-standard","5":"has-post-thumbnail","7":"category-sverige","8":"tag-breaking-news","9":"tag-breakingnews","10":"tag-featured-news","11":"tag-featurednews","12":"tag-headlines","13":"tag-huvudnyheter","14":"tag-latest-news","15":"tag-latestnews","16":"tag-main-news","17":"tag-mainnews","18":"tag-news","19":"tag-nyheter","20":"tag-rubriker","21":"tag-se","22":"tag-svenska","23":"tag-sverige","24":"tag-sweden","25":"tag-swedish","26":"tag-top-stories","27":"tag-topstories"},"share_on_mastodon":{"url":"https:\/\/pubeurope.com\/@se\/115854759894949629","error":""},"_links":{"self":[{"href":"https:\/\/www.europesays.com\/se\/wp-json\/wp\/v2\/posts\/128660","targetHints":{"allow":["GET"]}}],"collection":[{"href":"https:\/\/www.europesays.com\/se\/wp-json\/wp\/v2\/posts"}],"about":[{"href":"https:\/\/www.europesays.com\/se\/wp-json\/wp\/v2\/types\/post"}],"author":[{"embeddable":true,"href":"https:\/\/www.europesays.com\/se\/wp-json\/wp\/v2\/users\/2"}],"replies":[{"embeddable":true,"href":"https:\/\/www.europesays.com\/se\/wp-json\/wp\/v2\/comments?post=128660"}],"version-history":[{"count":0,"href":"https:\/\/www.europesays.com\/se\/wp-json\/wp\/v2\/posts\/128660\/revisions"}],"wp:featuredmedia":[{"embeddable":true,"href":"https:\/\/www.europesays.com\/se\/wp-json\/wp\/v2\/media\/128661"}],"wp:attachment":[{"href":"https:\/\/www.europesays.com\/se\/wp-json\/wp\/v2\/media?parent=128660"}],"wp:term":[{"taxonomy":"category","embeddable":true,"href":"https:\/\/www.europesays.com\/se\/wp-json\/wp\/v2\/categories?post=128660"},{"taxonomy":"post_tag","embeddable":true,"href":"https:\/\/www.europesays.com\/se\/wp-json\/wp\/v2\/tags?post=128660"}],"curies":[{"name":"wp","href":"https:\/\/api.w.org\/{rel}","templated":true}]}}