{"id":128662,"date":"2026-01-07T16:28:08","date_gmt":"2026-01-07T16:28:08","guid":{"rendered":"https:\/\/www.europesays.com\/se\/128662\/"},"modified":"2026-01-07T16:28:08","modified_gmt":"2026-01-07T16:28:08","slug":"sno-i-drivor-nar-kommer-plogbilen","status":"publish","type":"post","link":"https:\/\/www.europesays.com\/se\/128662\/","title":{"rendered":"Sn\u00f6 i drivor, n\u00e4r kommer plogbilen?"},"content":{"rendered":"<p class=\"news-module__article-date\">\nPublicerad: <\/p>\n<p>7 januari 2026 17:15\n                        <\/p>\n<p class=\"preamble\">\n                                    Vintertrafik \u00b7<br \/>\n                                Mycket sn\u00f6 har fallit p\u00e5 kort tid i Stockholm l\u00e4n och sn\u00f6r\u00f6jning p\u00e5g\u00e5r p\u00e5 flera platser i l\u00e4net. Men n\u00e4r plogbilen kommer till dig beror bland annat p\u00e5 trafikm\u00e4ngd och v\u00e4gens klassning.\n                            <\/p>\n<p>Det har fallit mycket sn\u00f6 p\u00e5 kort tid i Stockholms l\u00e4n och sn\u00f6r\u00f6jning p\u00e5g\u00e5r f\u00f6r fullt i hela l\u00e4net. H\u00e4r kan du l\u00e4sa mer om vem som ansvarar f\u00f6r v\u00e4gunderh\u00e5llningen av de olika v\u00e4garna och n\u00e4r plogbilen kommer till dig.<\/p>\n<p>Sn\u00f6r\u00f6jning av v\u00e4gar<\/p>\n<p>Trafikverket ansvarar f\u00f6r sn\u00f6r\u00f6jning och halkbek\u00e4mpning p\u00e5 det statliga v\u00e4gn\u00e4tet. Stockholms stad, Nacka kommun och \u00f6vriga kommuner i Stockholms l\u00e4n ansvarar f\u00f6r sn\u00f6r\u00f6jning och halkbek\u00e4mpning p\u00e5 lokala gator och v\u00e4gar i respektive kommun.<\/p>\n<p>N\u00e4r och hur ofta plogbilen kommer till dig beror b\u00e5de p\u00e5 hur trafikerad v\u00e4gen \u00e4r och p\u00e5 vem som har ansvar f\u00f6r v\u00e4gen.<\/p>\n<p>F\u00f6r att ta del av aktuell information om hur Trafikverket, Stockholms stad och Nacka kommun prioriterar sn\u00f6r\u00f6jning i deras respektive ansvarsomr\u00e5de, se l\u00e4nkar i l\u00e4nklista p\u00e5 denna sida.<\/p>\n<p>Prioriterade v\u00e4gar plogas f\u00f6rst<\/p>\n<p>Alla v\u00e4gar och gator kan inte sn\u00f6r\u00f6jas samtidigt. Hur fort och ofta v\u00e4gar och gator plogas och halkbek\u00e4mpas skiljer sig \u00e5t. Alla v\u00e4gar och gator delas in i olika prioritetsgrupper beroende p\u00e5 trafikm\u00e4ngd, behov av trafiks\u00e4kerhet och hur viktig v\u00e4gen \u00e4r f\u00f6r utryckningsfordon och kollektivtrafik.<\/p>\n<p>Trafikverket plogar och vinterunderh\u00e5ller alla statliga v\u00e4gar<\/p>\n<p>Trafikverket b\u00f6rjar ploga n\u00e4r det har fallit n\u00e5gra centimeter sn\u00f6 och om det sn\u00f6ar mycket \u00e4r alla resurser ute och jobbar. Om det forts\u00e4tter att sn\u00f6a jobbar entrepren\u00f6rerna vidare, men de kan inte ploga \u00f6verallt samtidigt.\u00a0<\/p>\n<p>Den senaste veckan har det fallit mycket sn\u00f6 i Stockholms l\u00e4n och arbete med plogning och halkbek\u00e4mpning sker l\u00f6pande.<\/p>\n<blockquote cite=\"Trafikverket\" class=\"quote-block__quote position-relative fst-italic\"><p>\n                    T\u00e4nk p\u00e5 att h\u00e5lla avst\u00e5nd och anpassa hastigheten efter v\u00e4glaget, och k\u00f6r inte om tandemplogar! De kan ha en vinge som man inte ser och d\u00e5 kan ske allvarliga olyckor vid omk\u00f6rning\n                <\/p><\/blockquote>\n<p>                        Linnea Viklund<br \/>\n                        | Enhetschef Trafikverket f\u00f6r v\u00e4gunderh\u00e5ll i Stockholm.<\/p>\n<p>Trafikverket har delat vi in det statliga v\u00e4gn\u00e4tet i fem olika klasser som avg\u00f6r hur ofta v\u00e4gen plogas utifr\u00e5n hur m\u00e5nga som k\u00f6r p\u00e5 v\u00e4garna. V\u00e4gar med mycket trafik till exempel Essingeleden och de stora Europav\u00e4garna, samt kritiska str\u00e4ckor eller str\u00e5k med viktiga busslinjer eller v\u00e4gar till stora industriomr\u00e5den, \u00e4r prioriterade.<\/p>\n<p>Vem sn\u00f6r\u00f6jer i ditt n\u00e4romr\u00e5de<\/p>\n<p>Nationell V\u00e4gdatabas har en karta d\u00e4r du kan se vilka v\u00e4gar som ing\u00e5r i statligt, kommunalt respektive enskilt v\u00e4gh\u00e5llaransvar i NVDB p\u00e5 Karta (v\u00e4lj dataprodukt V\u00e4gh\u00e5llare).<\/p>\n<p>Kollektivtrafiken p\u00e5verkas<\/p>\n<p>Bussar p\u00e5verkas mest under vintern. Om det \u00e4r sv\u00e5rt att hinna med sn\u00f6r\u00f6jningen n\u00e4r sn\u00f6n faller p\u00e5 flera h\u00e5ll, kan det bli farligt halt eller sv\u00e5rt att komma fram p\u00e5 grund av sn\u00f6n. D\u00e5 kan bussf\u00f6rarna beh\u00f6va anpassa sin k\u00f6rning genom att s\u00e4nka hastigheten och \u00e4ndra rutt, och i v\u00e4rsta fall m\u00e5ste turer st\u00e4llas in.<\/p>\n<p>F\u00f6r mer information om hur SL-trafiken drabbas av vinterv\u00e4dret och vad som g\u00f6rs f\u00f6r att minska p\u00e5verkan p\u00e5 trafiken, bes\u00f6k SLs webbplats.<\/p>\n<p>Bra att t\u00e4nka p\u00e5 f\u00f6r dig som trafikant<\/p>\n<p>Trafiken \u00e4r ett samspel. Alla som g\u00e5r, cyklar eller k\u00f6r p\u00e5 v\u00e4gen p\u00e5verkar trafiks\u00e4kerheten. Du som trafikant kan bidra till en h\u00f6gre s\u00e4kerhet och framkomlighet genom att anpassa ditt beteende och f\u00f6rbereda dig. Du kan \u00e4ven hj\u00e4lpa till genom att t\u00e4nka p\u00e5:<\/p>\n<ul>\n<li>Hj\u00e4lpa sn\u00f6r\u00f6jare att komma fram<\/li>\n<li>H\u00e5ll avst\u00e5nd p\u00e5 v\u00e4gen och k\u00f6r inte om tandemplogar<\/li>\n<li>Anpassa din utrustning i bilen f\u00f6r vintern.<\/li>\n<\/ul>\n","protected":false},"excerpt":{"rendered":"Publicerad: 7 januari 2026 17:15 Vintertrafik \u00b7 Mycket sn\u00f6 har fallit p\u00e5 kort tid i Stockholm l\u00e4n och&hellip;\n","protected":false},"author":2,"featured_media":128663,"comment_status":"","ping_status":"","sticky":false,"template":"","format":"standard","meta":{"footnotes":""},"categories":[5],"tags":[22,23,26,27,17,21,24,25,28,29,15,16,18,34,31,33,32,30,19,20],"class_list":{"0":"post-128662","1":"post","2":"type-post","3":"status-publish","4":"format-standard","5":"has-post-thumbnail","7":"category-rubriker","8":"tag-breaking-news","9":"tag-breakingnews","10":"tag-featured-news","11":"tag-featurednews","12":"tag-headlines","13":"tag-huvudnyheter","14":"tag-latest-news","15":"tag-latestnews","16":"tag-main-news","17":"tag-mainnews","18":"tag-news","19":"tag-nyheter","20":"tag-rubriker","21":"tag-se","22":"tag-svenska","23":"tag-sverige","24":"tag-sweden","25":"tag-swedish","26":"tag-top-stories","27":"tag-topstories"},"share_on_mastodon":{"url":"https:\/\/pubeurope.com\/@se\/115854763807918233","error":""},"_links":{"self":[{"href":"https:\/\/www.europesays.com\/se\/wp-json\/wp\/v2\/posts\/128662","targetHints":{"allow":["GET"]}}],"collection":[{"href":"https:\/\/www.europesays.com\/se\/wp-json\/wp\/v2\/posts"}],"about":[{"href":"https:\/\/www.europesays.com\/se\/wp-json\/wp\/v2\/types\/post"}],"author":[{"embeddable":true,"href":"https:\/\/www.europesays.com\/se\/wp-json\/wp\/v2\/users\/2"}],"replies":[{"embeddable":true,"href":"https:\/\/www.europesays.com\/se\/wp-json\/wp\/v2\/comments?post=128662"}],"version-history":[{"count":0,"href":"https:\/\/www.europesays.com\/se\/wp-json\/wp\/v2\/posts\/128662\/revisions"}],"wp:featuredmedia":[{"embeddable":true,"href":"https:\/\/www.europesays.com\/se\/wp-json\/wp\/v2\/media\/128663"}],"wp:attachment":[{"href":"https:\/\/www.europesays.com\/se\/wp-json\/wp\/v2\/media?parent=128662"}],"wp:term":[{"taxonomy":"category","embeddable":true,"href":"https:\/\/www.europesays.com\/se\/wp-json\/wp\/v2\/categories?post=128662"},{"taxonomy":"post_tag","embeddable":true,"href":"https:\/\/www.europesays.com\/se\/wp-json\/wp\/v2\/tags?post=128662"}],"curies":[{"name":"wp","href":"https:\/\/api.w.org\/{rel}","templated":true}]}}