{"id":128666,"date":"2026-01-07T16:31:40","date_gmt":"2026-01-07T16:31:40","guid":{"rendered":"https:\/\/www.europesays.com\/se\/128666\/"},"modified":"2026-01-07T16:31:40","modified_gmt":"2026-01-07T16:31:40","slug":"ski-rock-vantas-dra-rekordpublik-falu-kuriren","status":"publish","type":"post","link":"https:\/\/www.europesays.com\/se\/128666\/","title":{"rendered":"Ski &#038; Rock v\u00e4ntas dra rekordpublik \u2013 Falu-Kuriren"},"content":{"rendered":"<p>Intresset f\u00f6r festivalen Ski &amp; Rock i S\u00e4len \u00e4r stort inf\u00f6r \u00e5rets upplaga. Med mindre \u00e4n 100 dagar kvar till starten i april pekar prognoserna mot publikrekord, d\u00e4r mellan 6 000 och 7 000 bes\u00f6kare per dag v\u00e4ntas komma till festivalen.<\/p>\n<p>F\u00f6rberedelserna \u00e4r i full g\u00e5ng inf\u00f6r Ski &amp; Rock som arrangeras den 16\u201318 april vid S\u00e4lens H\u00f6gfj\u00e4llshotell. Enligt arrang\u00f6rerna \u00e4r trycket p\u00e5 b\u00e5de biljetter och boende ovanligt h\u00f6gt, och mycket talar f\u00f6r att \u00e5rets upplaga kan bli sluts\u00e5ld snabbt. <\/p>\n<p>I \u00e5r l\u00e4gger festivalen till 1 000 biljetter, n\u00e4r de bygger ut festivalomr\u00e5det med cirka 3 000 kvadratmeter och planerar f\u00f6r en andra scen. <\/p>\n<p aria-disabled=\"true\" class=\"ad__preamble ad-text txt-style-muted txt-ui txt-ui--strong txt-ui-2\">Annons<\/p>\n<p>Bland de bokade artisterna finns Bolaget, Soppgirobygget, Hoffmaestro, Markoolio och Peg Parnevik. D\u00e4rtill presenteras ocks\u00e5 ett DJ-program med etablerade namn som DJ \u00d6zzi, Tim Henri &amp; Simon Jayson och DJ Johnny D. Fler artister v\u00e4ntas dessutom tillkomma.<\/p>\n<p aria-disabled=\"true\" class=\"ad__preamble ad-text txt-style-muted txt-ui txt-ui--strong txt-ui-2\">Annons<\/p>\n<p>\u2013 Det \u00e4r v\u00e4ldigt roligt att se hur festivalen forts\u00e4tter att v\u00e4xa. I \u00e5r tar vi tydliga steg fram\u00e5t genom att ut\u00f6ka festivalomr\u00e5det, skapa b\u00e4ttre fl\u00f6den och utveckla b\u00e5de scenutbud och inneh\u00e5ll, s\u00e4ger Jesper Svensson, projektledare f\u00f6r Ski &amp; Rock.<\/p>\n<p>Ski &amp; Rock har arrangerats sedan 1990 och har genom \u00e5ren lockat stora artister och publik fr\u00e5n hela landet. F\u00f6rra \u00e5ret s\u00e5ldes cirka 16 000 biljetter,  n\u00e5got man nu allts\u00e5 ser ut att sl\u00e5.<\/p>\n","protected":false},"excerpt":{"rendered":"Intresset f\u00f6r festivalen Ski &amp; Rock i S\u00e4len \u00e4r stort inf\u00f6r \u00e5rets upplaga. Med mindre \u00e4n 100 dagar&hellip;\n","protected":false},"author":2,"featured_media":128667,"comment_status":"","ping_status":"","sticky":false,"template":"","format":"standard","meta":{"footnotes":""},"categories":[67],"tags":[104,34,31,33,32,30,105],"class_list":{"0":"post-128666","1":"post","2":"type-post","3":"status-publish","4":"format-standard","5":"has-post-thumbnail","7":"category-underhallning","8":"tag-entertainment","9":"tag-se","10":"tag-svenska","11":"tag-sverige","12":"tag-sweden","13":"tag-swedish","14":"tag-underhallning"},"share_on_mastodon":{"url":"https:\/\/pubeurope.com\/@se\/115854775618287466","error":""},"_links":{"self":[{"href":"https:\/\/www.europesays.com\/se\/wp-json\/wp\/v2\/posts\/128666","targetHints":{"allow":["GET"]}}],"collection":[{"href":"https:\/\/www.europesays.com\/se\/wp-json\/wp\/v2\/posts"}],"about":[{"href":"https:\/\/www.europesays.com\/se\/wp-json\/wp\/v2\/types\/post"}],"author":[{"embeddable":true,"href":"https:\/\/www.europesays.com\/se\/wp-json\/wp\/v2\/users\/2"}],"replies":[{"embeddable":true,"href":"https:\/\/www.europesays.com\/se\/wp-json\/wp\/v2\/comments?post=128666"}],"version-history":[{"count":0,"href":"https:\/\/www.europesays.com\/se\/wp-json\/wp\/v2\/posts\/128666\/revisions"}],"wp:featuredmedia":[{"embeddable":true,"href":"https:\/\/www.europesays.com\/se\/wp-json\/wp\/v2\/media\/128667"}],"wp:attachment":[{"href":"https:\/\/www.europesays.com\/se\/wp-json\/wp\/v2\/media?parent=128666"}],"wp:term":[{"taxonomy":"category","embeddable":true,"href":"https:\/\/www.europesays.com\/se\/wp-json\/wp\/v2\/categories?post=128666"},{"taxonomy":"post_tag","embeddable":true,"href":"https:\/\/www.europesays.com\/se\/wp-json\/wp\/v2\/tags?post=128666"}],"curies":[{"name":"wp","href":"https:\/\/api.w.org\/{rel}","templated":true}]}}