{"id":128668,"date":"2026-01-07T16:32:09","date_gmt":"2026-01-07T16:32:09","guid":{"rendered":"https:\/\/www.europesays.com\/se\/128668\/"},"modified":"2026-01-07T16:32:09","modified_gmt":"2026-01-07T16:32:09","slug":"polismordaren-jackie-arklov-far-sitta-kvar-i-fangelset-pa-livstid","status":"publish","type":"post","link":"https:\/\/www.europesays.com\/se\/128668\/","title":{"rendered":"Polism\u00f6rdaren Jackie Arkl\u00f6v f\u00e5r sitta kvar i f\u00e4ngelset p\u00e5 livstid"},"content":{"rendered":"<p>Tingsr\u00e4tt skriver i sitt beslut:<\/p>\n<p>\u201d&#8230;det finns risk f\u00f6r att den d\u00f6mde \u00e5terfaller i brottslighet av allvarligt slag. Risken f\u00f6r \u00e5terfall i brottslighet av allvarligt slag intar en s\u00e4rst\u00e4llning bland de kriterier som s\u00e4rskilt ska beaktas. Det inneb\u00e4r att en s\u00e5dan risk kan utg\u00f6ra ett absolut hinder mot att bifalla en ans\u00f6kan om omvandling av ett livstidsstraff.\u201d <\/p>\n<p>R\u00e5nade bank i Kisa<\/p>\n<p>Den 28 maj 1999 r\u00e5nade Jackie Arkl\u00f6v, tillsammans med tv\u00e5 medkumpaner, \u00d6stg\u00f6ta Enskilda Bank i Kisa. Under den efterf\u00f6ljande biljakten m\u00f6rdades poliserna Olle Bor\u00e9n och Robert Karlstr\u00f6m.<\/p>\n<p>Alla tre d\u00f6mdes till livstids f\u00e4ngelse, men de tv\u00e5 andra har tidigare f\u00e5tt sina straff omvandlade till tidsbest\u00e4mda straff och har blivit frigivna. <\/p>\n<p>Risk f\u00f6r \u00e5terfall <\/p>\n<p>Jackie Arkl\u00f6v som \u00e4r skriven i Storuman har erk\u00e4nt att det var han som m\u00f6rdat poliserna p\u00e5 ett avr\u00e4ttningsliknande s\u00e4tt. Hittills har alla hans ans\u00f6kningar avslagits, d\u00e4r risken f\u00f6r \u00e5terfall i brott har varit en avg\u00f6rande faktor i domstolarnas beslut.<\/p>\n","protected":false},"excerpt":{"rendered":"Tingsr\u00e4tt skriver i sitt beslut: \u201d&#8230;det finns risk f\u00f6r att den d\u00f6mde \u00e5terfaller i brottslighet av allvarligt slag.&hellip;\n","protected":false},"author":2,"featured_media":128669,"comment_status":"","ping_status":"","sticky":false,"template":"","format":"standard","meta":{"footnotes":""},"categories":[66],"tags":[80,78,79,34,31,33,32,30,81,84,83,82],"class_list":{"0":"post-128668","1":"post","2":"type-post","3":"status-publish","4":"format-standard","5":"has-post-thumbnail","7":"category-vetenskap-och-teknik","8":"tag-science","9":"tag-science-and-technology","10":"tag-scienceandtechnology","11":"tag-se","12":"tag-svenska","13":"tag-sverige","14":"tag-sweden","15":"tag-swedish","16":"tag-technology","17":"tag-teknik","18":"tag-vetenskap","19":"tag-vetenskapteknik"},"share_on_mastodon":{"url":"https:\/\/pubeurope.com\/@se\/115854779604272661","error":""},"_links":{"self":[{"href":"https:\/\/www.europesays.com\/se\/wp-json\/wp\/v2\/posts\/128668","targetHints":{"allow":["GET"]}}],"collection":[{"href":"https:\/\/www.europesays.com\/se\/wp-json\/wp\/v2\/posts"}],"about":[{"href":"https:\/\/www.europesays.com\/se\/wp-json\/wp\/v2\/types\/post"}],"author":[{"embeddable":true,"href":"https:\/\/www.europesays.com\/se\/wp-json\/wp\/v2\/users\/2"}],"replies":[{"embeddable":true,"href":"https:\/\/www.europesays.com\/se\/wp-json\/wp\/v2\/comments?post=128668"}],"version-history":[{"count":0,"href":"https:\/\/www.europesays.com\/se\/wp-json\/wp\/v2\/posts\/128668\/revisions"}],"wp:featuredmedia":[{"embeddable":true,"href":"https:\/\/www.europesays.com\/se\/wp-json\/wp\/v2\/media\/128669"}],"wp:attachment":[{"href":"https:\/\/www.europesays.com\/se\/wp-json\/wp\/v2\/media?parent=128668"}],"wp:term":[{"taxonomy":"category","embeddable":true,"href":"https:\/\/www.europesays.com\/se\/wp-json\/wp\/v2\/categories?post=128668"},{"taxonomy":"post_tag","embeddable":true,"href":"https:\/\/www.europesays.com\/se\/wp-json\/wp\/v2\/tags?post=128668"}],"curies":[{"name":"wp","href":"https:\/\/api.w.org\/{rel}","templated":true}]}}