{"id":128691,"date":"2026-01-07T16:50:13","date_gmt":"2026-01-07T16:50:13","guid":{"rendered":"https:\/\/www.europesays.com\/se\/128691\/"},"modified":"2026-01-07T16:50:13","modified_gmt":"2026-01-07T16:50:13","slug":"usa-beslagtar-ryskflaggad-tanker-moskva-fordomer-hufvudstadsbladet","status":"publish","type":"post","link":"https:\/\/www.europesays.com\/se\/128691\/","title":{"rendered":"USA beslagtar ryskflaggad tanker \u2013 Moskva f\u00f6rd\u00f6mer \u2013 Hufvudstadsbladet"},"content":{"rendered":"<p>USA har beslagtagit den oljetanker som i veckor f\u00f6rs\u00f6kt undvika den amerikanska blockaden n\u00e4ra Venezuela, bekr\u00e4ftar USA:s milit\u00e4r.<\/p>\n<p>Fartyget uppges ha koppling till Venezuela, Ryssland och Iran \u2013 ett tilltag som f\u00f6rd\u00f6ms av Moskva.<\/p>\n<p>Ytterligare ett fartyg uppges ha beslagtagits i Karibiska havet, enligt den amerikanska milit\u00e4ren.<\/p>\n<p>USA har beslagtagit oljetankern Marinera i Nordatlanten, meddelar det amerikanska milit\u00e4rkommandot Eucom (US European Command) p\u00e5 X.<\/p>\n<p>Tekniskt fel<\/p>\n<p class=\"message__text txt-ui txt-ui-2\">V\u00e4nligen f\u00f6rs\u00f6k igen senare.<\/p>\n<p>Den h\u00e4r artikeln \u00e4r bara f\u00f6r prenumeranter<\/p>\n<p class=\"txt-body txt-body-1\">Om du redan \u00e4r prenumerant: logga in!<\/p>\n","protected":false},"excerpt":{"rendered":"USA har beslagtagit den oljetanker som i veckor f\u00f6rs\u00f6kt undvika den amerikanska blockaden n\u00e4ra Venezuela, bekr\u00e4ftar USA:s milit\u00e4r.&hellip;\n","protected":false},"author":2,"featured_media":128692,"comment_status":"","ping_status":"","sticky":false,"template":"","format":"standard","meta":{"footnotes":""},"categories":[14],"tags":[22,23,26,27,17,21,24,25,28,29,15,16,18,34,31,33,32,30,19,20,51,52,53,54],"class_list":{"0":"post-128691","1":"post","2":"type-post","3":"status-publish","4":"format-standard","5":"has-post-thumbnail","7":"category-varlden","8":"tag-breaking-news","9":"tag-breakingnews","10":"tag-featured-news","11":"tag-featurednews","12":"tag-headlines","13":"tag-huvudnyheter","14":"tag-latest-news","15":"tag-latestnews","16":"tag-main-news","17":"tag-mainnews","18":"tag-news","19":"tag-nyheter","20":"tag-rubriker","21":"tag-se","22":"tag-svenska","23":"tag-sverige","24":"tag-sweden","25":"tag-swedish","26":"tag-top-stories","27":"tag-topstories","28":"tag-varlden","29":"tag-world","30":"tag-world-news","31":"tag-worldnews"},"share_on_mastodon":{"url":"https:\/\/pubeurope.com\/@se\/115854850372822839","error":""},"_links":{"self":[{"href":"https:\/\/www.europesays.com\/se\/wp-json\/wp\/v2\/posts\/128691","targetHints":{"allow":["GET"]}}],"collection":[{"href":"https:\/\/www.europesays.com\/se\/wp-json\/wp\/v2\/posts"}],"about":[{"href":"https:\/\/www.europesays.com\/se\/wp-json\/wp\/v2\/types\/post"}],"author":[{"embeddable":true,"href":"https:\/\/www.europesays.com\/se\/wp-json\/wp\/v2\/users\/2"}],"replies":[{"embeddable":true,"href":"https:\/\/www.europesays.com\/se\/wp-json\/wp\/v2\/comments?post=128691"}],"version-history":[{"count":0,"href":"https:\/\/www.europesays.com\/se\/wp-json\/wp\/v2\/posts\/128691\/revisions"}],"wp:featuredmedia":[{"embeddable":true,"href":"https:\/\/www.europesays.com\/se\/wp-json\/wp\/v2\/media\/128692"}],"wp:attachment":[{"href":"https:\/\/www.europesays.com\/se\/wp-json\/wp\/v2\/media?parent=128691"}],"wp:term":[{"taxonomy":"category","embeddable":true,"href":"https:\/\/www.europesays.com\/se\/wp-json\/wp\/v2\/categories?post=128691"},{"taxonomy":"post_tag","embeddable":true,"href":"https:\/\/www.europesays.com\/se\/wp-json\/wp\/v2\/tags?post=128691"}],"curies":[{"name":"wp","href":"https:\/\/api.w.org\/{rel}","templated":true}]}}