{"id":12870,"date":"2025-08-25T02:43:07","date_gmt":"2025-08-25T02:43:07","guid":{"rendered":"https:\/\/www.europesays.com\/se\/12870\/"},"modified":"2025-08-25T02:43:07","modified_gmt":"2025-08-25T02:43:07","slug":"guvernoren-gavin-newsom-trollar-annu-en-trump","status":"publish","type":"post","link":"https:\/\/www.europesays.com\/se\/12870\/","title":{"rendered":"Guvern\u00f6ren Gavin Newsom trollar \u00e4nnu en Trump"},"content":{"rendered":"<p>Publicerad 25 aug 2025 kl 04.24Uppdaterad kl 04.29<\/p>\n<p>Gavin Newsom b\u00f6rjade nyligen trolla Donald Trump genom att h\u00e4rma presidentens s\u00e4tt att skriva p\u00e5 sociala medier.<\/p>\n<p>Nu h\u00e5nar guvern\u00f6ren \u00e4ven presidentens sv\u00e4rdotter.<\/p>\n<p>\u201dLARA TRUMPS PROGRAM \u00c4R EN TOTAL KATASTROF\u201d, skriver Newsom p\u00e5 X.<\/p>\n<p>Senaste nyhetsklippen fr\u00e5n Expressen.<img   alt=\"\"\/><\/p>\n<p>Gavin Newsom.<\/p>\n<p>Foto: AA \/ STELLA PICTURES\/ABACA PRESS ABACA PRESS<\/p>\n<p>\u00d6ppna bild i helsk\u00e4rm<img loading=\"lazy\"   alt=\"\"\/><\/p>\n<p>Lara och Eric Trump.<\/p>\n<p>Foto: SARAH YENESEL \/ EPA TT NYHETSBYR\u00c5N<\/p>\n<p>\u00d6ppna bild i helsk\u00e4rm<\/p>\n<p>Kalifornien-guvern\u00f6ren <a href=\"https:\/\/www.expressen.se\/tagg\/person\/gavin-newsom\/\" class=\"\" rel=\"nofollow noopener\" target=\"_blank\">Gavin Newsom<\/a> och president Donald Trump har l\u00e4nge legat i luven p\u00e5 varandra.\u00a0<\/p>\n<p>Newsom har anklagat Donald f\u00f6r \u201dfr\u00e4ckt maktmissbruk\u201d efter att presidenten satte in nationalgardet och marink\u00e5ren i Los Angeles p\u00e5 grund av protesterna mot migrationsmyndigheten ICE:s razzior. Trump har \u00e5 sin sida kallat Newsom \u201dNewscum\u201d och \u201dinkompetent\u201d.<\/p>\n<p>Newsom har nyligen b\u00f6rjat trolla Trump genom att imitera presidentens karakteristiska s\u00e4tt att skriva enbart i versaler p\u00e5 sociala medier.<\/p>\n<p>\u201dINGEN PERSONLIGHET, INGEN TALANG\u201d<\/p>\n<p>\u201dTRUMP FLYDDE JUST FR\u00c5N PODIET MED PUTIN \u2014 INGA FR\u00c5GOR, INGENTING! TOTALT L\u00c5G ENERGI\u201d, skrev Newsom p\u00e5 X efter m\u00f6tet i Alaska, f\u00f6ljt av:<\/p>\n<p>\u201dM\u00c5NGA S\u00c4GER ATT HAN BAD PUTIN ATT H\u00c5LLA HANS (PYTTESM\u00c5) H\u00c4NDER P\u00c5 V\u00c4GEN UT.\u201d<\/p>\n<p>Nu har Newsom hittat en ny Trump att trolla, n\u00e4mligen presidentsonen Erics fru Lara Trump som leder tv-programmet \u201dMy View With Lara Trump\u201d p\u00e5 Fox.<\/p>\n<p>\u201dLARA TRUMPS PROGRAM \u00c4R EN TOTAL KATASTROF. INGEN PERSONLIGHET, INGEN TALANG, V\u00c4LDIGT L\u00c5G ENERGI. HON BEH\u00d6VER DESPERAT COACHNING FR\u00c5N SIN GALNA SV\u00c4RFAR!!!\u201d, skriver Newsom p\u00e5 X.<\/p>\n","protected":false},"excerpt":{"rendered":"Publicerad 25 aug 2025 kl 04.24Uppdaterad kl 04.29 Gavin Newsom b\u00f6rjade nyligen trolla Donald Trump genom att h\u00e4rma&hellip;\n","protected":false},"author":2,"featured_media":12871,"comment_status":"","ping_status":"","sticky":false,"template":"","format":"standard","meta":{"footnotes":""},"categories":[14],"tags":[22,23,26,27,17,21,24,25,28,29,15,16,198,1502,1755,18,34,55,31,33,32,30,19,204,20,51,52,53,54],"class_list":{"0":"post-12870","1":"post","2":"type-post","3":"status-publish","4":"format-standard","5":"has-post-thumbnail","7":"category-varlden","8":"tag-breaking-news","9":"tag-breakingnews","10":"tag-featured-news","11":"tag-featurednews","12":"tag-headlines","13":"tag-huvudnyheter","14":"tag-latest-news","15":"tag-latestnews","16":"tag-main-news","17":"tag-mainnews","18":"tag-news","19":"tag-nyheter","20":"tag-person-donald-trump","21":"tag-person-gavin-newsom","22":"tag-person-lara-trump","23":"tag-rubriker","24":"tag-se","25":"tag-sections-varlden","26":"tag-svenska","27":"tag-sverige","28":"tag-sweden","29":"tag-swedish","30":"tag-top-stories","31":"tag-topic-amerikansk-politik","32":"tag-topstories","33":"tag-varlden","34":"tag-world","35":"tag-world-news","36":"tag-worldnews"},"share_on_mastodon":{"url":"","error":""},"_links":{"self":[{"href":"https:\/\/www.europesays.com\/se\/wp-json\/wp\/v2\/posts\/12870","targetHints":{"allow":["GET"]}}],"collection":[{"href":"https:\/\/www.europesays.com\/se\/wp-json\/wp\/v2\/posts"}],"about":[{"href":"https:\/\/www.europesays.com\/se\/wp-json\/wp\/v2\/types\/post"}],"author":[{"embeddable":true,"href":"https:\/\/www.europesays.com\/se\/wp-json\/wp\/v2\/users\/2"}],"replies":[{"embeddable":true,"href":"https:\/\/www.europesays.com\/se\/wp-json\/wp\/v2\/comments?post=12870"}],"version-history":[{"count":0,"href":"https:\/\/www.europesays.com\/se\/wp-json\/wp\/v2\/posts\/12870\/revisions"}],"wp:featuredmedia":[{"embeddable":true,"href":"https:\/\/www.europesays.com\/se\/wp-json\/wp\/v2\/media\/12871"}],"wp:attachment":[{"href":"https:\/\/www.europesays.com\/se\/wp-json\/wp\/v2\/media?parent=12870"}],"wp:term":[{"taxonomy":"category","embeddable":true,"href":"https:\/\/www.europesays.com\/se\/wp-json\/wp\/v2\/categories?post=12870"},{"taxonomy":"post_tag","embeddable":true,"href":"https:\/\/www.europesays.com\/se\/wp-json\/wp\/v2\/tags?post=12870"}],"curies":[{"name":"wp","href":"https:\/\/api.w.org\/{rel}","templated":true}]}}