{"id":128713,"date":"2026-01-07T17:11:07","date_gmt":"2026-01-07T17:11:07","guid":{"rendered":"https:\/\/www.europesays.com\/se\/128713\/"},"modified":"2026-01-07T17:11:07","modified_gmt":"2026-01-07T17:11:07","slug":"i-brist-pa-gemensamma-sagor-lundagard-se","status":"publish","type":"post","link":"https:\/\/www.europesays.com\/se\/128713\/","title":{"rendered":"I brist p\u00e5 gemensamma sagor \u2013 Lundagard.se"},"content":{"rendered":"<p style=\"font-family: 'pragmatica', sans-serif;\">&#13;<br \/>\n                        <b>&#13;<br \/>\n                            Marknaden \u00e4r \u00f6verbelastad och publiken hejar p\u00e5 skurkarna: Tiden d\u00e5 de popkulturella referenserna k\u00e4ndes sj\u00e4lvklara \u00e4r \u00f6ver. Vad h\u00e4nder n\u00e4r ber\u00e4ttelserna \u00f6verger diskussionen och reduceras till distraktion? Det fr\u00e5gar sig Lundag\u00e5rds kulturkr\u00f6nik\u00f6r Bea Lignell.                        <\/b>&#13;\n                    <\/p>\n<p class=\"p1\">Detta \u00e4r en opinionstext i Lundag\u00e5rd. \u00c5sikterna som utrycks \u00e4r skribentens egna.<\/p>\n<p>Det brukade finnas n\u00e5gon form av konsensus i det allm\u00e4nna medvetandet, med samtida kulturfenomen vars referenser alla antingen k\u00e4nde till eller visste att l\u00e5tsas f\u00f6rst\u00e5. \u201dWinter is coming\u201d, sagt med en blinkning, var tillr\u00e4ckligt ikoniskt f\u00f6r att kunna citeras under vanligt sm\u00e5prat, inte bara i diskussioner om Game Of Thrones. Detsamma kan s\u00e4gas om repliker fr\u00e5n Breaking Bad eller The Office, och en halv generation g\u00e5r \u00e4n idag runt och g\u00f6mmer sina finstilta tatueringar av d\u00f6dsrelikerna fr\u00e5n Harry Potter. Det var en kollektiv oskyldighet som gick f\u00f6rlorad n\u00e4r J.K. Rowling installerade Twitter, och George R. R. Martin hellre l\u00e4t HBO br\u00e4nna ner hans arv \u00e4n att skriva f\u00e4rdigt The Winds Of Winter.\u00a0<\/p>\n<p><strong>Att inget riktigt<\/strong> har fyllt tomrummet sedan dess \u00e4r inte f\u00f6rv\u00e5nande, \u00e4ven om m\u00e5nga f\u00f6rs\u00f6k regelbundet g\u00f6rs f\u00f6r att \u00e5terskapa en liknande sn\u00f6bollseffekt. F\u00f6r bara n\u00e5gra m\u00e5nader sedan skyfflades den svenska kulturkanonen fram f\u00f6r att sedan l\u00e4mnas kvar att sm\u00e4lta p\u00e5 scenen n\u00e4r ingen riktigt f\u00f6rstod vad som skulle g\u00f6ras av den.<\/p>\n<p>Spin-offs som Better Call Saul eller House Of The Dragon kr\u00e4ver i sin tur (f\u00f6r den som likt talspr\u00e5ket s\u00e4ger \u201dinte skulle stj\u00e4la en bil\u201d) orimligt stor lojalitet mot diverse specifika streamingtj\u00e4nster. S\u00e4rskilt p\u00e5 en marknad s\u00e5 saturerad att f\u00f6retagsnamnen n\u00e4rmast liknar filmbegrepp p\u00e5 bebisspr\u00e5k: Av stolthetssk\u00e4l tar det helt enkelt lite emot att s\u00e4tta sig ner f\u00f6r att noggrant utreda huruvida ett abonnemang p\u00e5 Mubi \u00e4r mer prisv\u00e4rt \u00e4n ett p\u00e5 Tubi.<\/p>\n<p><strong>Bekv\u00e4mligheten i hemmatittandet<\/strong> har \u00e4ven lett till en l\u00e5ngsam d\u00f6d f\u00f6r biograferna, vars filmer g\u00e5r de flesta f\u00f6rbi. Det vill s\u00e4ga, om inte en tillr\u00e4ckligt konstig pressturn\u00e9 eller scener med slow motion-v\u00e4nliga kameravinklar g\u00f6r dem kortsiktigt relevanta p\u00e5 sociala medier.<\/p>\n<p>Vad som \u00e4r tydligt \u00e4r att fokuset numera ligger p\u00e5 att producera inneh\u00e5ll, inte att skapa konst. Publiken f\u00f6rst\u00e5s d\u00e4rf\u00f6r inte som kritiskt t\u00e4nkande m\u00e4nniskor i samtal med varandra, utan som isolerade konsumenter vars subjektivitet bara \u00e4r relevant inf\u00f6r marknadsf\u00f6ringen.<\/p>\n<p><strong>Det \u00e4r ocks\u00e5<\/strong> uppenbart att det finns en stark motvilja till att l\u00e4ra av historien. Vintern kom, d\u00f6ds\u00e4tarna \u00e4r tillbaka och ingen vill anv\u00e4nda de metaforerna l\u00e4ngre. Amerikanerna verkar i brist p\u00e5 \u00e5skledare som Avengers-uppf\u00f6ljare rentav l\u00e5ta den verkliga politiken kompensera f\u00f6r avsaknaden av kommersiellt b\u00e4rbara superhj\u00e4ltefilmer, men har fastnat i en riktigt m\u00f6rk andra akt med on\u00f6digt h\u00f6ga insatser. En komiskt ondsint skurk med m\u00e5let att riva ner Vita Huset hade r\u00e4ckt f\u00f6r syftet, nu demolerade han \u00f6stra flygeln under en ledig eftermiddag i oktober.<\/p>\n<p>Politiska och etiska samtal har genom historien ofta f\u00f6rts via symboliken i ber\u00e4ttelser och komplexiteten hos fiktiva karakt\u00e4rer, framf\u00f6rallt i tider av polarisering, instabilitet och censur. Det \u00e4r inte br\u00f6det och cirkusen som har g\u00e5tt f\u00f6rlorade; distraktion finns att konsumera i \u00f6verfl\u00f6d. Vad som verkar saknas idag \u00e4r den dialog och gemensamma v\u00e4rldsbild som sagorna medf\u00f6rde.<\/p>\n<p><strong>Kalla det barnsligt<\/strong>, men det fanns en trygghet i antagandet att ingen i den proppfulla biosalen hejar p\u00e5 Voldemort.<\/p>\n","protected":false},"excerpt":{"rendered":"&#13; &#13; Marknaden \u00e4r \u00f6verbelastad och publiken hejar p\u00e5 skurkarna: Tiden d\u00e5 de popkulturella referenserna k\u00e4ndes sj\u00e4lvklara \u00e4r&hellip;\n","protected":false},"author":2,"featured_media":128714,"comment_status":"","ping_status":"","sticky":false,"template":"","format":"standard","meta":{"footnotes":""},"categories":[67],"tags":[104,34,31,33,32,30,105],"class_list":{"0":"post-128713","1":"post","2":"type-post","3":"status-publish","4":"format-standard","5":"has-post-thumbnail","7":"category-underhallning","8":"tag-entertainment","9":"tag-se","10":"tag-svenska","11":"tag-sverige","12":"tag-sweden","13":"tag-swedish","14":"tag-underhallning"},"share_on_mastodon":{"url":"https:\/\/pubeurope.com\/@se\/115854932912689566","error":""},"_links":{"self":[{"href":"https:\/\/www.europesays.com\/se\/wp-json\/wp\/v2\/posts\/128713","targetHints":{"allow":["GET"]}}],"collection":[{"href":"https:\/\/www.europesays.com\/se\/wp-json\/wp\/v2\/posts"}],"about":[{"href":"https:\/\/www.europesays.com\/se\/wp-json\/wp\/v2\/types\/post"}],"author":[{"embeddable":true,"href":"https:\/\/www.europesays.com\/se\/wp-json\/wp\/v2\/users\/2"}],"replies":[{"embeddable":true,"href":"https:\/\/www.europesays.com\/se\/wp-json\/wp\/v2\/comments?post=128713"}],"version-history":[{"count":0,"href":"https:\/\/www.europesays.com\/se\/wp-json\/wp\/v2\/posts\/128713\/revisions"}],"wp:featuredmedia":[{"embeddable":true,"href":"https:\/\/www.europesays.com\/se\/wp-json\/wp\/v2\/media\/128714"}],"wp:attachment":[{"href":"https:\/\/www.europesays.com\/se\/wp-json\/wp\/v2\/media?parent=128713"}],"wp:term":[{"taxonomy":"category","embeddable":true,"href":"https:\/\/www.europesays.com\/se\/wp-json\/wp\/v2\/categories?post=128713"},{"taxonomy":"post_tag","embeddable":true,"href":"https:\/\/www.europesays.com\/se\/wp-json\/wp\/v2\/tags?post=128713"}],"curies":[{"name":"wp","href":"https:\/\/api.w.org\/{rel}","templated":true}]}}