{"id":128715,"date":"2026-01-07T17:13:11","date_gmt":"2026-01-07T17:13:11","guid":{"rendered":"https:\/\/www.europesays.com\/se\/128715\/"},"modified":"2026-01-07T17:13:11","modified_gmt":"2026-01-07T17:13:11","slug":"warner-bros-nobbar-senaste-paramount-budet-placera-se","status":"publish","type":"post","link":"https:\/\/www.europesays.com\/se\/128715\/","title":{"rendered":"Warner Bros nobbar senaste Paramount-budet &#8211; Placera.se"},"content":{"rendered":"<ol>\n<li><a href=\"https:\/\/news.google.com\/rss\/articles\/CBMijAFBVV95cUxOVEY1UnZZMXJfZUgyMDRpRjZuUlRuMm9fQ2VrX1FHNEhwS0ZuQWV3aFhQLWFHa284S2wxWXZjOGpnVmVtM2h6NW5CVlRfT2ZRcWFkb3MtX3RaNS1kZW1QdU14bXd0TWktb0xFM013QXJSa1d3OHU5VHYyc3FXdFctcWVxbnlaM1VhZ3hwaw?oc=5\" target=\"_blank\" rel=\"nofollow noopener\">Warner Bros nobbar senaste Paramount-budet<\/a>&nbsp;&nbsp;Placera.se<\/li>\n<li><a href=\"https:\/\/news.google.com\/rss\/articles\/CBMifEFVX3lxTE9IRUx1RUlLeTVJUFFFdWJDYXlpSk1RRC1iazVVWHVZLXlxbzg3SDkzdGVRd3dEN0lObmdsd214TDZEckkyTktMVFJsX29aZ3c1UU9pTExzazEzTjdYQlBFVjhUYUFVY3pYNmtBb1ZBOUhncUFVbG1NNVcxSmg?oc=5\" target=\"_blank\" rel=\"nofollow noopener\">Warner Bros Discovery nobbar Paramounts bud \u2013 igen<\/a>&nbsp;&nbsp;DI<\/li>\n<li><a href=\"https:\/\/news.google.com\/rss\/articles\/CBMifEFVX3lxTFBNRTEzdXB0TG93b0hjb0dGaHBTZjVFa0lFVUZaU2w5V1cxNzZpeWs0MDBMVWdiSWdMbGI5azRiVXBNXzF1UEg4b2Q5TExESXlBSmhxaUI4SS1iWVpZbUU4QVBRWkxGRzR6UUJEZ2U5SG1QaGt0LWRaQUNzRlg?oc=5\" target=\"_blank\" rel=\"nofollow noopener\">Warner Bros nobbar budet fr\u00e5n Paramount Skydance \u2013 igen<\/a>&nbsp;&nbsp;Omni<\/li>\n<li><a href=\"https:\/\/news.google.com\/rss\/articles\/CBMingFBVV95cUxNY3kzNTNXSjYyblkyLU1fQWFzSC1pTGlvWjBfMlozRnF0ODdISk9MYm9KcUVvbVNnNnZtWUtuc2twNWMxc2ZIbmthdXlVQnBlRUVoaVh1cGpyaVhlV09XanY4dmt2dUhubmdNTjlMU3ZvZ1ROZWZJbzlpckE0MmluazQ1UldqTTE1X2NsOS02TTZtdWFESmtqQnZwODZFZw?oc=5\" target=\"_blank\" rel=\"nofollow noopener\">Warner Bros styrelse st\u00e5r fast: Netflix bud b\u00e4st<\/a>&nbsp;&nbsp;Privata Aff\u00e4rer<\/li>\n<li><a href=\"https:\/\/news.google.com\/rss\/articles\/CBMi3gFBVV95cUxOM1BLX1o4NmRYLUxGbm9NOHdNcUNoX2lpT2dJM3lkaTZoTFlUMGxtSll4Q2lsaDFiUGJiXzNjQnNCLS1FSXE1OWl4TjlRZ1d1ekthaGRUaGhXczBvMGVFb1c3ODF5X3N3Z0tubTlFQVpvTHk2a2JHMHJ1LVg4UEdub2dRV0dlbkMwNGh3S1g0WmpvZ3RTRjNoaHdWVmsyZ1lfbTdVOGlkTHRJb2c0ZFdTT3hEdlZ0S2V6WmZPS09FenQ0MmJYQWxEZW81dXZ2SVFEdFBHV292cjUzMks4VGc?oc=5\" target=\"_blank\" rel=\"nofollow noopener\">Netflix bekr\u00e4ftar \u00e5tagande f\u00f6r avtal med Warner Bros. Discovery v\u00e4rt 82,7 miljarder USD<\/a>&nbsp;&nbsp;Investing.com Sverige<\/li>\n<\/ol>\n","protected":false},"excerpt":{"rendered":"Warner Bros nobbar senaste Paramount-budet&nbsp;&nbsp;Placera.se Warner Bros Discovery nobbar Paramounts bud \u2013 igen&nbsp;&nbsp;DI Warner Bros nobbar budet fr\u00e5n&hellip;\n","protected":false},"author":2,"featured_media":108508,"comment_status":"","ping_status":"","sticky":false,"template":"","format":"standard","meta":{"footnotes":""},"categories":[65],"tags":[72,70,71,2399,11409,34,31,33,32,30,11408],"class_list":{"0":"post-128715","1":"post","2":"type-post","3":"status-publish","4":"format-standard","5":"has-post-thumbnail","7":"category-ekonomi","8":"tag-business","9":"tag-economy","10":"tag-ekonomi","11":"tag-netflix","12":"tag-paramount-skydance","13":"tag-se","14":"tag-svenska","15":"tag-sverige","16":"tag-sweden","17":"tag-swedish","18":"tag-warner-bros-discovery"},"share_on_mastodon":{"url":"https:\/\/pubeurope.com\/@se\/115854940800967780","error":""},"_links":{"self":[{"href":"https:\/\/www.europesays.com\/se\/wp-json\/wp\/v2\/posts\/128715","targetHints":{"allow":["GET"]}}],"collection":[{"href":"https:\/\/www.europesays.com\/se\/wp-json\/wp\/v2\/posts"}],"about":[{"href":"https:\/\/www.europesays.com\/se\/wp-json\/wp\/v2\/types\/post"}],"author":[{"embeddable":true,"href":"https:\/\/www.europesays.com\/se\/wp-json\/wp\/v2\/users\/2"}],"replies":[{"embeddable":true,"href":"https:\/\/www.europesays.com\/se\/wp-json\/wp\/v2\/comments?post=128715"}],"version-history":[{"count":0,"href":"https:\/\/www.europesays.com\/se\/wp-json\/wp\/v2\/posts\/128715\/revisions"}],"wp:featuredmedia":[{"embeddable":true,"href":"https:\/\/www.europesays.com\/se\/wp-json\/wp\/v2\/media\/108508"}],"wp:attachment":[{"href":"https:\/\/www.europesays.com\/se\/wp-json\/wp\/v2\/media?parent=128715"}],"wp:term":[{"taxonomy":"category","embeddable":true,"href":"https:\/\/www.europesays.com\/se\/wp-json\/wp\/v2\/categories?post=128715"},{"taxonomy":"post_tag","embeddable":true,"href":"https:\/\/www.europesays.com\/se\/wp-json\/wp\/v2\/tags?post=128715"}],"curies":[{"name":"wp","href":"https:\/\/api.w.org\/{rel}","templated":true}]}}