{"id":128726,"date":"2026-01-07T17:19:08","date_gmt":"2026-01-07T17:19:08","guid":{"rendered":"https:\/\/www.europesays.com\/se\/128726\/"},"modified":"2026-01-07T17:19:08","modified_gmt":"2026-01-07T17:19:08","slug":"trailerpremiar-sophie-turner-blir-ranad-i-nya-kuppserien-steal","status":"publish","type":"post","link":"https:\/\/www.europesays.com\/se\/128726\/","title":{"rendered":"Trailerpremi\u00e4r: Sophie Turner blir r\u00e5nad i nya kuppserien &#8221;Steal&#8221;"},"content":{"rendered":"<p>Prime Video sl\u00e4pper idag trailern till miniserien \u201dSteal\u201d, som utlovar en sp\u00e4nnande heist p\u00e5 sex avsnitt.<\/p>\n<p>\u201dSteal\u201d beskrivs som en modern, fartfylld thriller om \u00e5rhundradets kupp. <strong>Sophie Turner<\/strong> (\u201dGame of Thrones\u201d) spelar kontorsarbetaren Zara som som pl\u00f6tsligt dras in i h\u00e4ndelsernas centrum n\u00e4r en vanlig arbetsdag p\u00e5 pensionsfonden Lochmill Capital f\u00f6rvandlas till kaos. En grupp v\u00e5ldsamma r\u00e5nare stormar in och tvingar Zara och hennes b\u00e4sta v\u00e4n Luke (<strong>Archie Madekwe<\/strong>) att f\u00f6lja deras krav.<\/p>\n<p>Men vem skulle stj\u00e4la miljarder ur vanliga m\u00e4nniskors pensioner och varf\u00f6r? Kommissarie Rhys (<strong>Jacob Fortune-Lloyd<\/strong>) \u00e4r fast besluten att ta reda p\u00e5 sanningen\u2026 om han bara kan h\u00e5lla sitt eget spelberoende i schack.<\/p>\n<p>Alla sex avsnitt sl\u00e4pps den 21 januari p\u00e5 Prime Video.<\/p>\n<p>Se trailern till \u201dSteal\u201d nedan och l\u00e4s mer om <a href=\"https:\/\/www.moviezine.se\/nyheter\/galen-oppning-pa-tv-aret-hela-12-nya-tv-serier-du-inte-vill-missa-i-januari\" rel=\"nofollow noopener\" target=\"_blank\">alla nya tv-serier i januari 2026\u2026<\/a><\/p>\n<p><img loading=\"lazy\" decoding=\"async\" alt=\"YouTube video\" width=\"480\" height=\"360\" data-pin-nopin=\"true\" nopin=\"nopin\" class=\"perfmatters-lazy\" src=\"https:\/\/www.europesays.com\/se\/wp-content\/uploads\/2026\/01\/1767806348_358_hqdefault.jpg\"\/><\/p>\n<p>L\u00e4s ocks\u00e5: <a href=\"https:\/\/www.moviezine.se\/nyheter\/galen-oppning-pa-tv-aret-hela-12-nya-tv-serier-du-inte-vill-missa-i-januari\" title=\"Galen \u00f6ppning p\u00e5 tv-\u00e5ret! Hela 12 nya tv-serier du inte vill missa i januari\" class=\"underline-custom !font-montserrat !font-bold !underline-offset-4 !decoration-4 !decoration-moviezine-green !text-md\" rel=\"nofollow noopener\" target=\"_blank\">Galen \u00f6ppning p\u00e5 tv-\u00e5ret! Hela 12 nya tv-serier du inte vill missa i januari<\/a><\/p>\n<p>L\u00e4s ocks\u00e5: <a href=\"https:\/\/www.moviezine.se\/nyheter\/hojdpunkter-pa-prime-video-i-januari-2026-vaka-snake-killer\" title=\"7 h\u00f6jdpunkter p\u00e5 Prime Video i januari 2026 \u2013 ny svensk thrillerserie har premi\u00e4r\" class=\"underline-custom !font-montserrat !font-bold !underline-offset-4 !decoration-4 !decoration-moviezine-green !text-md\" rel=\"nofollow noopener\" target=\"_blank\">7 h\u00f6jdpunkter p\u00e5 Prime Video i januari 2026 \u2013 ny svensk thrillerserie har premi\u00e4r<\/a><\/p>\n","protected":false},"excerpt":{"rendered":"Prime Video sl\u00e4pper idag trailern till miniserien \u201dSteal\u201d, som utlovar en sp\u00e4nnande heist p\u00e5 sex avsnitt. \u201dSteal\u201d beskrivs&hellip;\n","protected":false},"author":2,"featured_media":128727,"comment_status":"","ping_status":"","sticky":false,"template":"","format":"standard","meta":{"footnotes":""},"categories":[67],"tags":[2031,104,34,31,33,32,30,2044,105],"class_list":{"0":"post-128726","1":"post","2":"type-post","3":"status-publish","4":"format-standard","5":"has-post-thumbnail","7":"category-underhallning","8":"tag-amazon-prime-video","9":"tag-entertainment","10":"tag-se","11":"tag-svenska","12":"tag-sverige","13":"tag-sweden","14":"tag-swedish","15":"tag-trailer","16":"tag-underhallning"},"share_on_mastodon":{"url":"https:\/\/pubeurope.com\/@se\/115854964354491240","error":""},"_links":{"self":[{"href":"https:\/\/www.europesays.com\/se\/wp-json\/wp\/v2\/posts\/128726","targetHints":{"allow":["GET"]}}],"collection":[{"href":"https:\/\/www.europesays.com\/se\/wp-json\/wp\/v2\/posts"}],"about":[{"href":"https:\/\/www.europesays.com\/se\/wp-json\/wp\/v2\/types\/post"}],"author":[{"embeddable":true,"href":"https:\/\/www.europesays.com\/se\/wp-json\/wp\/v2\/users\/2"}],"replies":[{"embeddable":true,"href":"https:\/\/www.europesays.com\/se\/wp-json\/wp\/v2\/comments?post=128726"}],"version-history":[{"count":0,"href":"https:\/\/www.europesays.com\/se\/wp-json\/wp\/v2\/posts\/128726\/revisions"}],"wp:featuredmedia":[{"embeddable":true,"href":"https:\/\/www.europesays.com\/se\/wp-json\/wp\/v2\/media\/128727"}],"wp:attachment":[{"href":"https:\/\/www.europesays.com\/se\/wp-json\/wp\/v2\/media?parent=128726"}],"wp:term":[{"taxonomy":"category","embeddable":true,"href":"https:\/\/www.europesays.com\/se\/wp-json\/wp\/v2\/categories?post=128726"},{"taxonomy":"post_tag","embeddable":true,"href":"https:\/\/www.europesays.com\/se\/wp-json\/wp\/v2\/tags?post=128726"}],"curies":[{"name":"wp","href":"https:\/\/api.w.org\/{rel}","templated":true}]}}