{"id":128738,"date":"2026-01-07T17:27:40","date_gmt":"2026-01-07T17:27:40","guid":{"rendered":"https:\/\/www.europesays.com\/se\/128738\/"},"modified":"2026-01-07T17:27:40","modified_gmt":"2026-01-07T17:27:40","slug":"soprangodis-fran-ersattaren-pa-trettondagsgalan-jonkopings-posten","status":"publish","type":"post","link":"https:\/\/www.europesays.com\/se\/128738\/","title":{"rendered":"Soprangodis fr\u00e5n ers\u00e4ttaren p\u00e5 Trettondagsgalan \u2013 J\u00f6nk\u00f6pings-Posten"},"content":{"rendered":"<p>En trettondagsgala kan f\u00f6rv\u00e4ntas vara l\u00e4ttviktig. Men h\u00e4r finns b\u00e5de gott hum\u00f6r och kvalitet i framf\u00f6randet, och n\u00e5gra nummer bryter det trallv\u00e4nliga.<\/p>\n<p>S\u00e5ngsolisterna g\u00f6r fina insatser och unga trumpetaren Lydia Holm, Habo, f\u00e5r kv\u00e4llens st\u00f6rsta publikjubel.<\/p>\n<p>Det h\u00e4r \u00e4r en recension.Analys och v\u00e4rderingar \u00e4r skribentens egna.<\/p>\n<p>Efter fjol\u00e5rets trettondagsgala i Spira f\u00f6rekom en ins\u00e4ndare i JP d\u00e4r signaturen \u201dTv\u00e5 damer i publiken\u201d ondgjorde sig \u00f6ver bristen p\u00e5 glitter och glamour i orkestern \u2013 ordet \u201dgala\u201d gav andra signaler \u00e4n skribenterna tyckte sig se p\u00e5 scenen.<\/p>\n<p>Sj\u00e4lv var jag mer inne p\u00e5 att den lite v\u00e4l standardiserade repertoaren och en viss brist p\u00e5 sk\u00e4rpa i framf\u00f6randet var tyngre orsaker till att galak\u00e4nslan blev m\u00e5ttlig. Men man kan f\u00f6rst\u00e5s se det p\u00e5 olika s\u00e4tt.<\/p>\n<p aria-disabled=\"true\" class=\"ad__preamble ad-text txt-style-muted txt-ui txt-ui--strong txt-ui-2\">Annons<\/p>\n<p>Man kan ocks\u00e5 konstatera att \u00e5rets galaprogram \u00e4r v\u00e4l s\u00e5 populistiskt som fjol\u00e5rets, med wienervalser, operettd\u00e4ngor och andra kl\u00e4mmiga nummer som b\u00e4rande inslag. Inte s\u00e4rskilt sp\u00e4nnande, men glatt \u00e4r det ju, och gl\u00e4dje \u00e4r definitivt en av de saker vi beh\u00f6ver mer av i dessa allt dystrare tider.<\/p>\n<p><strong>Det \u00e4r en smula oklart<\/strong> om orkesterns kl\u00e4dsel (frack f\u00f6r herrarna, blandat f\u00f6r damerna) f\u00e5r godk\u00e4nt av alla. Men vi kan i alla fall konstatera att det l\u00e5ter lite mer inspirerat den h\u00e4r g\u00e5ngen.<\/p>\n<p aria-disabled=\"true\" class=\"ad__preamble ad-text txt-style-muted txt-ui txt-ui--strong txt-ui-2\">Annons<\/p>\n<p>Uppl\u00e4gget \u00e4r det f\u00f6rv\u00e4ntade \u2013 instrumentalnummer varvas med s\u00e5ngnummer (solon s\u00e5v\u00e4l som duetter), Mia Isaksson presenterar p\u00e5 ett underh\u00e5llande s\u00e4tt (lite respektl\u00f6st, lite kul, ibland lite tramsigt).<\/p>\n<p><img decoding=\"async\" width=\"640\" height=\"807\" class=\"article-image article-image--unbound\" alt=\"Sopranen Elisabeth Meyer fick hastigt hoppa in som ers\u00e4ttare f\u00f6r Karolina Bengtsson.\" src=\"https:\/\/www.europesays.com\/se\/wp-content\/uploads\/2026\/01\/8a39519e-7453-4412-8e14-2596a9a1e456.jpeg\"   loading=\"lazy\"\/><a class=\"article__lightbox-link\" href=\"https:\/\/static.bonniernews.se\/ba\/8a39519e-7453-4412-8e14-2596a9a1e456.jpeg?width=1400&amp;format=pjpg&amp;auto=avif\" data-pswp-width=\"1400\" data-pswp-height=\"1766\" data-pswp-caption=\"Sopranen Elisabeth Meyer fick hastigt hoppa in som ers\u00e4ttare f\u00f6r Karolina Bengtsson. Bild: Nadja Sj\u00f6str\u00f6m\" data-pswp- rel=\"nofollow noopener\" target=\"_blank\">\u00d6ppna bild i helsk\u00e4rmsl\u00e4ge<\/a><\/p>\n<p class=\"txt-style-muted\" aria-hidden=\"true\">Sopranen Elisabeth Meyer fick hastigt hoppa in som ers\u00e4ttare f\u00f6r Karolina Bengtsson.<\/p>\n<p class=\"article__figcaption-attribution txt-style-muted\">Bild: Nadja Sj\u00f6str\u00f6m<\/p>\n<p>Kv\u00e4llens s\u00e5ngsolister g\u00f6r \u00f6ver lag utm\u00e4rkta insatser. Sopranen Elisabeth Meyer har med kort varsel hoppat in f\u00f6r sjukdomsdrabbade Karolina Bengtsson och g\u00f6r det med den \u00e4ran. Hon f\u00e5r visa prov p\u00e5 ett bredare uttryck i ett stycke ur Massenets \u201dManon\u201d, liksom i \u201dSempre libera\u201d ur Verdis \u201dLa Traviata\u201d d\u00e4r hon levererar \u00e4kta soprangodis.<\/p>\n<p>Simen Bredesen g\u00f6r motsvarande p\u00e5 tenorsidan i \u201dUn di, felice, eterea\u201d ur samma opera.<\/p>\n<p><strong>P\u00e5 solistsidan hittar vi<\/strong> ocks\u00e5 den unga trumpetaren Lydia Holm fr\u00e5n Habo. Hon har nyligen vunnit Riksf\u00f6rbundet Unga Musikanters solistt\u00e4vling och visar varf\u00f6r i Rolf Wallins \u201dElegi\u201d. Ett vackert stycke, vackert spelat och bel\u00f6nas v\u00e4lf\u00f6rtj\u00e4nt med kv\u00e4llens st\u00f6rsta publikjubel.<\/p>\n<p aria-disabled=\"true\" class=\"ad__preamble ad-text txt-style-muted txt-ui txt-ui--strong txt-ui-2\">Annons<\/p>\n<p>Det \u00e4r allts\u00e5 n\u00e5gra musikstycken som bryter av mot det entydigt l\u00e4ttviktiga, och tur \u00e4r det \u2013 av enbart s\u00f6tsaker riskerar man att storkna.<\/p>\n<p>Men just den h\u00e4r kv\u00e4llen \u00e4r det som sagt det glada som st\u00e5r i centrum, vilket f\u00f6rst\u00e5s \u00e4r helt i sin ordning i galakontexten. Och det slutar som det ska med \u201dRadetzkymarschen\u201d som extranummer, komplett med handklapp, blomsterutdelning till publiken och konfettiregn.<\/p>\n<p>Trettondagsgala<\/p>\n<p>Medverkande: J\u00f6nk\u00f6pings sinfonietta, Anna Duczmal-Mr\u00f3z (dirigent), Simen Bredesen (tenor), Elisabeth Meyer (sopran), Lydia Holm (trumpet), Mia Isaksson (presentat\u00f6r)<\/p>\n<p>Konsertsalen, Spira<\/p>\n","protected":false},"excerpt":{"rendered":"En trettondagsgala kan f\u00f6rv\u00e4ntas vara l\u00e4ttviktig. Men h\u00e4r finns b\u00e5de gott hum\u00f6r och kvalitet i framf\u00f6randet, och n\u00e5gra&hellip;\n","protected":false},"author":2,"featured_media":128739,"comment_status":"","ping_status":"","sticky":false,"template":"","format":"standard","meta":{"footnotes":""},"categories":[67],"tags":[104,34,31,33,32,30,105],"class_list":{"0":"post-128738","1":"post","2":"type-post","3":"status-publish","4":"format-standard","5":"has-post-thumbnail","7":"category-underhallning","8":"tag-entertainment","9":"tag-se","10":"tag-svenska","11":"tag-sverige","12":"tag-sweden","13":"tag-swedish","14":"tag-underhallning"},"share_on_mastodon":{"url":"https:\/\/pubeurope.com\/@se\/115854995790827245","error":""},"_links":{"self":[{"href":"https:\/\/www.europesays.com\/se\/wp-json\/wp\/v2\/posts\/128738","targetHints":{"allow":["GET"]}}],"collection":[{"href":"https:\/\/www.europesays.com\/se\/wp-json\/wp\/v2\/posts"}],"about":[{"href":"https:\/\/www.europesays.com\/se\/wp-json\/wp\/v2\/types\/post"}],"author":[{"embeddable":true,"href":"https:\/\/www.europesays.com\/se\/wp-json\/wp\/v2\/users\/2"}],"replies":[{"embeddable":true,"href":"https:\/\/www.europesays.com\/se\/wp-json\/wp\/v2\/comments?post=128738"}],"version-history":[{"count":0,"href":"https:\/\/www.europesays.com\/se\/wp-json\/wp\/v2\/posts\/128738\/revisions"}],"wp:featuredmedia":[{"embeddable":true,"href":"https:\/\/www.europesays.com\/se\/wp-json\/wp\/v2\/media\/128739"}],"wp:attachment":[{"href":"https:\/\/www.europesays.com\/se\/wp-json\/wp\/v2\/media?parent=128738"}],"wp:term":[{"taxonomy":"category","embeddable":true,"href":"https:\/\/www.europesays.com\/se\/wp-json\/wp\/v2\/categories?post=128738"},{"taxonomy":"post_tag","embeddable":true,"href":"https:\/\/www.europesays.com\/se\/wp-json\/wp\/v2\/tags?post=128738"}],"curies":[{"name":"wp","href":"https:\/\/api.w.org\/{rel}","templated":true}]}}