{"id":128800,"date":"2026-01-07T18:25:13","date_gmt":"2026-01-07T18:25:13","guid":{"rendered":"https:\/\/www.europesays.com\/se\/128800\/"},"modified":"2026-01-07T18:25:13","modified_gmt":"2026-01-07T18:25:13","slug":"9-nya-svenska-filmer-och-serier-far-premiar-pa-netflix-under-2026","status":"publish","type":"post","link":"https:\/\/www.europesays.com\/se\/128800\/","title":{"rendered":"9 nya svenska filmer och serier f\u00e5r premi\u00e4r p\u00e5 Netflix under 2026"},"content":{"rendered":"<p>Sverige och Netflix g\u00e5r ihop som handen i handsken, och 2026 ser ut att kunna bli ett extra bra \u00e5r f\u00f6r svensk underh\u00e5llning p\u00e5 streamingj\u00e4tten vi alla \u00e4lskar. \u00c5tminstone nio nya titlar \u00e4r klara f\u00f6r premi\u00e4r under 2026!<\/p>\n<p>\u201dDen svenska l\u00e4nken\u201d (Film) \u2013 premi\u00e4r 19 februari<\/p>\n<p><img loading=\"lazy\" height=\"432\" width=\"648\" class=\"wp-image-710521 sp-no-webp perfmatters-lazy\" alt=\"\" decoding=\"async\" src=\"https:\/\/www.europesays.com\/se\/wp-content\/uploads\/2026\/01\/den-svenska-lanken-henrik-dorsin-netflix-648x432.jpg\"  data-\/> Henrik Dorsin p\u00e5 hj\u00e4ltehum\u00f6r i den verkliga ber\u00e4ttelsen \u201dDen svenska l\u00e4nken\u201d.<\/p>\n<p>I \u201dDen svenska l\u00e4nken\u201d kommer vi f\u00e5 f\u00f6lja en liten grupp svenska tj\u00e4nstem\u00e4n under andra v\u00e4rldskriget som riskerar allt f\u00f6r att g\u00f6mma undan judar fr\u00e5n nazisternas klor. Lustigkurrarna <strong>Henrik Dorsin<\/strong> och <strong>Johan Glans<\/strong> l\u00e4r f\u00e5 ta en n\u00e5got mer allvarsam ton \u00e4n vanligt i det h\u00e4r dramat, d\u00e4r de \u00e4ven har s\u00e4llskap av <strong>Sissela Benn<\/strong>, <strong>Marianne M\u00f6rck<\/strong> och <strong>Jonas Karlsson<\/strong> (man kan ju inte g\u00f6ra svensk film utan honom!). Filmen kommer \u00e4ven g\u00e5 upp i utvalda svenska biografer med start redan den 6 februari.<\/p>\n<p>\u201dJe M\u2019Appelle Agneta\u201d (Film) \u2013 premi\u00e4r i v\u00e5r<\/p>\n<p><img loading=\"lazy\" height=\"432\" width=\"648\" class=\"wp-image-710517 sp-no-webp perfmatters-lazy\" alt=\"\" decoding=\"async\" src=\"https:\/\/www.europesays.com\/se\/wp-content\/uploads\/2026\/01\/je-mapelle-agneta-eva-melander-claes-mansson-648x432.jpg\"  data-\/> Eva Melander och Claes M\u00e5nsson h\u00e4nger i Frankrike. <\/p>\n<p>49-\u00e5riga medelsvenssonkvinnan Agneta \u00e4r tr\u00f6tt p\u00e5 ett allt gr\u00e5are liv och best\u00e4mmer sig f\u00f6r att l\u00e4mna sitt trygga svenska hem f\u00f6r sitt livs \u00e4ventyr, och tar jobbet som en au pair \u00e5t en svensk pojke i Frankrike\u2026 \u00e5tminstone tror hon att det \u00e4r en pojke. N\u00e4r hon v\u00e4l kommer fram visar det sig dock handla om en \u00e4ldre herre vid namn Einar, och en ov\u00e4ntad v\u00e4nskap tar sin b\u00f6rjan. <strong>Eva Melander<\/strong> spelar Agneta, <strong>Claes M\u00e5nsson<\/strong> g\u00f6r rollen som Einar, och i \u00f6vriga roller syns <strong>Bj\u00f6rn Kjellman<\/strong>, <strong>J\u00e9r\u00e9mie Covillault<\/strong>, <strong>Anne-Marie<\/strong> <strong>Posnot<\/strong> och <strong>Richard<\/strong> <strong>Forsgren<\/strong>. Jonas Karlsson \u00e4r, tro det eller ej, inte med h\u00e4r, s\u00e5 tydligen g\u00e5r det att g\u00f6ra svensk film utan honom trots allt. <\/p>\n<p>\u201d\u00c5remorden\u201d (TV-serie, s\u00e4song 2) \u2013 premi\u00e4r under 2026<\/p>\n<p><img loading=\"lazy\" height=\"365\" width=\"648\" class=\"wp-image-710559 sp-no-webp perfmatters-lazy\" alt=\"\" decoding=\"async\" src=\"https:\/\/www.europesays.com\/se\/wp-content\/uploads\/2026\/01\/aremurders-648x365.jpg\"  data-\/> \u201d\u00c5remorden\u201d (poster fr\u00e5n s\u00e4song 1).<\/p>\n<p>Fler stackare blir m\u00f6rdade i \u00c5re i den andra s\u00e4songen av TV-serien som baseras p\u00e5 <strong>Viveca<\/strong> <strong>Stens<\/strong> l\u00f6jligt popul\u00e4ra bokserie med samma namn. Det finns f\u00e5 saker svenskar gillar lika mycket som deckare och skidsemester, s\u00e5 inte undra p\u00e5 att den h\u00e4r kombinationen g\u00f6r succ\u00e9. <strong>Carla Sehn<\/strong> och <strong>Kardo Razzazi<\/strong> finns med i rollistan. <\/p>\n<p>\u201dBytet\u201d (TV-serie, s\u00e4song 1) \u2013 premi\u00e4r under 2026<\/p>\n<p><img loading=\"lazy\" height=\"472\" width=\"648\" class=\"wp-image-710564 sp-no-webp perfmatters-lazy\" alt=\"\" decoding=\"async\" src=\"https:\/\/www.europesays.com\/se\/wp-content\/uploads\/2026\/01\/bytet-netflix-oftebro-appleton-fares-1080x787-1-648x472.jpg\"  data-\/> Tv\u00e5 fr\u00e4mmande par som bytt bostad med varandra \u00e4r ett perfekt recept p\u00e5 d\u00e5lig semester men sp\u00e4nnande thrillerserie.<\/p>\n<p>Tv\u00e5 gifta par, b\u00e4gge uttr\u00e5kade av sin vardag, best\u00e4mmer sig f\u00f6r att byta hus med varandra \u00f6ver semestern, trots att de \u00e4r fr\u00e4mlingar f\u00f6r varandra. Resultatet blir att Stockholmsborna Carl och Helene hamnar i Sicilien, medan Italien-baserade Adam och Scarlett f\u00e5r uppleva Stockholms sk\u00e4rg\u00e5rd. Inget av paren trivs dock n\u00e5got vidare i sina nya hem, och snart b\u00f6rjar m\u00f6rka hemligheter uppdagas p\u00e5 b\u00e4gge h\u00e5ll. <strong>Fares<\/strong> <strong>Fares<\/strong>, <strong>Emma<\/strong> <strong>Appleton<\/strong>, <strong>Frida<\/strong> <strong>Gustavsson<\/strong> och <strong>Jakob<\/strong> <strong>Oftebro<\/strong> g\u00f6r huvudrollerna, och alltsammans baseras p\u00e5 en roman med samma namn av <strong>Stefan<\/strong> <strong>Ahnhem<\/strong>. <\/p>\n<p>\u201dThe Case\u201d (TV-serie, s\u00e4song 1) \u2013 premi\u00e4r h\u00f6sten 2026<\/p>\n<p><img loading=\"lazy\" height=\"347\" width=\"648\" class=\"wp-image-702459 sp-no-webp perfmatters-lazy\" alt=\"\" decoding=\"async\" src=\"https:\/\/www.europesays.com\/se\/wp-content\/uploads\/2026\/01\/jakob-oftebro-peter-andersson-the-case-netflix-648x347.jpg\"  data-\/> Jakob Oftebro och Peter Andersson i \u201dThe Case\u201d.<\/p>\n<p>Yay, fler deckare! H\u00e4r f\u00e5r vi f\u00f6lja v\u00e4lmeriterade utredaren Thomas Berg som jagar \u201den av de v\u00e4rsta seriem\u00f6rdarna Sverige n\u00e5gonsin sp\u00e5rat\u201d. M\u00f6rdaren siktar s\u00e4rskilt g\u00e4rna in sig p\u00e5 Thomas poliskollegor, vilket g\u00f6r Thomas tillr\u00e4ckligt desperat f\u00f6r att v\u00e4nda sig till sin far, en f\u00f6re detta framg\u00e5ngsrik polis, f\u00f6r att be om hj\u00e4lp. <strong>Jakob Oftebro<\/strong> g\u00f6r en huvudroll \u00e4ven h\u00e4r, den h\u00e4r g\u00e5ngen med s\u00e4llskap av bland andra <strong>Peter<\/strong> <strong>Andersson<\/strong>, <strong>Electra<\/strong> <strong>Hallman<\/strong> och <strong>Alexander<\/strong> <strong>Abdallah<\/strong>. Dessutom skapas serien av <strong>George<\/strong> <strong>Kay<\/strong>, hj\u00e4rnan bakom hyllade \u201dLupin\u201d och \u201dHijack\u201d.<\/p>\n<p>L\u00e4s ocks\u00e5: <a href=\"https:\/\/www.moviezine.se\/nyheter\/netflix-filmen-den-svenska-lanken-far-premiar-om-bara-nagra-veckor\" title=\"Netflix-dramat \u201dDen svenska l\u00e4nken\u201d f\u00e5r premi\u00e4r om bara n\u00e5gra veckor\" class=\"underline-custom !font-montserrat !font-bold !underline-offset-4 !decoration-4 !decoration-moviezine-green !text-md\" rel=\"nofollow noopener\" target=\"_blank\">Netflix-dramat \u201dDen svenska l\u00e4nken\u201d f\u00e5r premi\u00e4r om bara n\u00e5gra veckor<\/a><\/p>\n<p>L\u00e4s ocks\u00e5: <a href=\"https:\/\/www.moviezine.se\/nyheter\/11-nya-skadisar-klara-for-tomb-raider-och-en-av-dem-ar-svensk\" title=\"11 nya sk\u00e5disar klara f\u00f6r \u201dTomb Raider\u201d \u2013 och en av dem \u00e4r svensk!\" class=\"underline-custom !font-montserrat !font-bold !underline-offset-4 !decoration-4 !decoration-moviezine-green !text-md\" rel=\"nofollow noopener\" target=\"_blank\">11 nya sk\u00e5disar klara f\u00f6r \u201dTomb Raider\u201d \u2013 och en av dem \u00e4r svensk!<\/a><\/p>\n<p>\u201dChristmas Switch\u201d (Film) \u2013 premi\u00e4r under 2026<\/p>\n<p><img loading=\"lazy\" height=\"432\" width=\"648\" class=\"wp-image-710537 sp-no-webp perfmatters-lazy\" alt=\"\" decoding=\"async\" src=\"https:\/\/www.europesays.com\/se\/wp-content\/uploads\/2026\/01\/christmas-switch-bara-till-jul-jankell-netflix-648x432.jpg\"  data-\/> Happy och Felice Jankell \u2013 systrar b\u00e5de i verkligheten och i Netflix n\u00e4sta julfilm.<\/p>\n<p>Byten verkar vara ett tema f\u00f6r svenska Netflixproduktioner 2026: Fares Fares och Jakob Oftebro ska som sagt byta hus, och i nya romantiska komedifilmen spelar de verkliga systrarna <strong>Happy och Felice Jankell<\/strong> tv\u00e5 fiktiva systrar som byter sina v\u00e4ldigt olika liv med varandra inf\u00f6r den ant\u00e5gande julen. Hela alltet baseras p\u00e5 ljudboken \u201dJul i Sankt Anna\u201d av <strong>Eleonor<\/strong> <strong>Sager<\/strong>, och f\u00f6r regin st\u00e5r <strong>Adam<\/strong> <strong>P\u00e5lsson<\/strong>. Netflix har inte satt n\u00e5got premi\u00e4rdatum bortom det vaga \u201d2026\u201d, men med tanke p\u00e5 att det h\u00e4r \u00e4r en julfilm s\u00e5 \u00e4r min professionella gissning att den sl\u00e4pps kring jul. <\/p>\n<p>\u201dThe Storm\u201d (Film) \u2013 premi\u00e4r under 2026<\/p>\n<p><img loading=\"lazy\" height=\"364\" width=\"648\" class=\"wp-image-692135 sp-no-webp perfmatters-lazy\" alt=\"\" decoding=\"async\" src=\"https:\/\/www.europesays.com\/se\/wp-content\/uploads\/2026\/01\/the-storm-netflix-bornebusch-648x364.jpg\"  data-\/> Josephine Bornebusch bjuder in till 2026 \u00e5rs stormigaste fest!<\/p>\n<p><strong>Josephine<\/strong> <strong>Bornebusch<\/strong> regisserar ny film! Den h\u00e4r g\u00e5ngen om Filip, som bjuder in sina n\u00e4rmsta v\u00e4nner till sin nya herrg\u00e5rd ute p\u00e5 landet i norra Sverige f\u00f6r att fira sin 45-\u00e5rsdag. N\u00e4r en sv\u00e5r storm sl\u00e5r till blir alla g\u00e4sterna fast i huset tillsammans, och hemligheter b\u00f6rjar komma upp till ytan. I rollistan syns bland andra <strong>Gustaf<\/strong> <strong>Skarsg\u00e5rd<\/strong>, <strong>Aliette<\/strong> <strong>Opheim<\/strong>, <strong>Filip<\/strong> <strong>Berg<\/strong>, <strong>Jonas<\/strong> <strong>Karlsson<\/strong> (yes!), <strong>Johan<\/strong> <strong>Rheborg<\/strong>, <strong>Henrik<\/strong> <strong>Dorsin<\/strong>, <strong>Gizem<\/strong> <strong>Erdogan<\/strong> och Bornebusch sj\u00e4lv. <\/p>\n<p>\u201dTrustor\u201d (Dokument\u00e4rfilm) \u2013 premi\u00e4r under 2026<\/p>\n<p>Regiss\u00f6ren <strong>Karin af Klintberg<\/strong> unders\u00f6ker Trustorh\u00e4rvan, en bedr\u00e4geriskandal och f\u00f6retagsplundring som genomf\u00f6rdes av svenska finansm\u00e4n och en brittisk adelsman. <\/p>\n<p>\u201dLove is Blind Sverige\u201d (realityserie, s\u00e4song 3) \u2013 premi\u00e4r under 2026<\/p>\n<p>De flesta k\u00e4nner redan till konceptet: singlar dejtar varandra, men f\u00e5r se den andres utseende f\u00f6rst n\u00e4r de f\u00f6rlovar sig, och f\u00f6rv\u00e4ntas d\u00e4refter planera sina br\u00f6llop ihop. <strong>Jessica Almen\u00e4s<\/strong> leder programmet.  <\/p>\n<p>L\u00e4s ocks\u00e5: <a href=\"https:\/\/www.moviezine.se\/nyheter\/jakob-oftebro-och-peter-andersson-jagar-seriemordare-i-svensk-krimserie\" title=\"Jakob Oftebro och Peter Andersson jagar seriem\u00f6rdare i svensk krimserie\" class=\"underline-custom !font-montserrat !font-bold !underline-offset-4 !decoration-4 !decoration-moviezine-green !text-md\" rel=\"nofollow noopener\" target=\"_blank\">Jakob Oftebro och Peter Andersson jagar seriem\u00f6rdare i svensk krimserie<\/a><\/p>\n<p>L\u00e4s ocks\u00e5: <a href=\"https:\/\/www.moviezine.se\/nyheter\/rollista-netflix-svenska-komedi-the-storm-bornebusch\" title=\"Stj\u00e4rnsp\u00e4ckad rollista i Netflix svenska komedi \u201dThe Storm\u201d \u2013 premi\u00e4r 2026\" class=\"underline-custom !font-montserrat !font-bold !underline-offset-4 !decoration-4 !decoration-moviezine-green !text-md\" rel=\"nofollow noopener\" target=\"_blank\">Stj\u00e4rnsp\u00e4ckad rollista i Netflix svenska komedi \u201dThe Storm\u201d \u2013 premi\u00e4r 2026<\/a><\/p>\n<p>L\u00e4s ocks\u00e5: <a href=\"https:\/\/www.moviezine.se\/nyheter\/fares-fares-gor-huvudrollen-i-netflix-nya-thrillerserie-bytet\" title=\"Fares Fares g\u00f6r huvudrollen i Netflix nya thrillerserie \u201dBytet\u201d\" class=\"underline-custom !font-montserrat !font-bold !underline-offset-4 !decoration-4 !decoration-moviezine-green !text-md\" rel=\"nofollow noopener\" target=\"_blank\">Fares Fares g\u00f6r huvudrollen i Netflix nya thrillerserie \u201dBytet\u201d<\/a><\/p>\n","protected":false},"excerpt":{"rendered":"Sverige och Netflix g\u00e5r ihop som handen i handsken, och 2026 ser ut att kunna bli ett extra&hellip;\n","protected":false},"author":2,"featured_media":128801,"comment_status":"","ping_status":"","sticky":false,"template":"","format":"standard","meta":{"footnotes":""},"categories":[67],"tags":[104,2399,34,2535,2959,31,33,32,30,105],"class_list":{"0":"post-128800","1":"post","2":"type-post","3":"status-publish","4":"format-standard","5":"has-post-thumbnail","7":"category-underhallning","8":"tag-entertainment","9":"tag-netflix","10":"tag-se","11":"tag-svensk-film","12":"tag-svensk-serie","13":"tag-svenska","14":"tag-sverige","15":"tag-sweden","16":"tag-swedish","17":"tag-underhallning"},"share_on_mastodon":{"url":"https:\/\/pubeurope.com\/@se\/115855223886726086","error":""},"_links":{"self":[{"href":"https:\/\/www.europesays.com\/se\/wp-json\/wp\/v2\/posts\/128800","targetHints":{"allow":["GET"]}}],"collection":[{"href":"https:\/\/www.europesays.com\/se\/wp-json\/wp\/v2\/posts"}],"about":[{"href":"https:\/\/www.europesays.com\/se\/wp-json\/wp\/v2\/types\/post"}],"author":[{"embeddable":true,"href":"https:\/\/www.europesays.com\/se\/wp-json\/wp\/v2\/users\/2"}],"replies":[{"embeddable":true,"href":"https:\/\/www.europesays.com\/se\/wp-json\/wp\/v2\/comments?post=128800"}],"version-history":[{"count":0,"href":"https:\/\/www.europesays.com\/se\/wp-json\/wp\/v2\/posts\/128800\/revisions"}],"wp:featuredmedia":[{"embeddable":true,"href":"https:\/\/www.europesays.com\/se\/wp-json\/wp\/v2\/media\/128801"}],"wp:attachment":[{"href":"https:\/\/www.europesays.com\/se\/wp-json\/wp\/v2\/media?parent=128800"}],"wp:term":[{"taxonomy":"category","embeddable":true,"href":"https:\/\/www.europesays.com\/se\/wp-json\/wp\/v2\/categories?post=128800"},{"taxonomy":"post_tag","embeddable":true,"href":"https:\/\/www.europesays.com\/se\/wp-json\/wp\/v2\/tags?post=128800"}],"curies":[{"name":"wp","href":"https:\/\/api.w.org\/{rel}","templated":true}]}}