{"id":128820,"date":"2026-01-07T18:58:12","date_gmt":"2026-01-07T18:58:12","guid":{"rendered":"https:\/\/www.europesays.com\/se\/128820\/"},"modified":"2026-01-07T18:58:12","modified_gmt":"2026-01-07T18:58:12","slug":"nick-reiners-atalsforhandling-skjuts-upp","status":"publish","type":"post","link":"https:\/\/www.europesays.com\/se\/128820\/","title":{"rendered":"Nick Reiners \u00e5talsf\u00f6rhandling skjuts upp"},"content":{"rendered":"<p>share-arrowDela<\/p>\n<p>unsaveSpara<\/p>\n<p>expand-left<\/p>\n<p>helsk\u00e4rm<img decoding=\"async\" class=\"image-asset hyperion-css-u06ts1\" data-test-tag=\"image-asset\" src=\"https:\/\/www.europesays.com\/se\/wp-content\/uploads\/2026\/01\/7a806765-73da-45bb-8d2a-cb24fc395b56.jpeg\"  alt=\"Advokat Alan Jackson meddelade p\u00e5 onsdagen att han drar sig ur fallet.\"  loading=\"eager\" fetchpriority=\"high\" style=\"aspect-ratio:1900 \/ 1267\"\/>Advokat Alan Jackson meddelade p\u00e5 onsdagen att han drar sig ur fallet. Foto: Damian Dovarganes\/AP\/TT<\/p>\n<p class=\"hyperion-css-1shl3oz\" data-test-tag=\"lead-text\">\u00c5talsf\u00f6rhandlingen mot Nick Reiner, som misst\u00e4nks ha knivd\u00f6dat sina f\u00f6r\u00e4ldrar, filmregiss\u00f6ren Rob Reiner och Michele Singer Reiner, skjuts upp till februari.<\/p>\n<p class=\"hyperion-css-1v9qo5x\">Beslutet kommer sedan Reiners advokat Alan Jackson dragit sig ur och bett att f\u00e5 ers\u00e4ttas av en offentlig f\u00f6rsvarare. Jackson har inte gett n\u00e5gon f\u00f6rklaring till sitt beslut.<\/p>\n<p class=\"hyperion-css-1v9qo5x\">F\u00f6rhandlingen, som skulle ha h\u00e5llits p\u00e5 onsdagen, skjuts upp till den 23 februari.<\/p>\n<p class=\"hyperion-css-1v9qo5x\">Nick Reiner, den yngste av paret Reiners fyra barn, greps timmar efter det att f\u00f6r\u00e4ldrarna hittats d\u00f6da i sitt hem i Los Angeles.<\/p>\n<p class=\"hyperion-css-1v9qo5x\">F\u00f6r cirka tio \u00e5r sedan ber\u00e4ttade Nick Reiner offentligt om sina m\u00e5ng\u00e5riga problem med drogmissbruk och psykisk sjukdom.<\/p>\n","protected":false},"excerpt":{"rendered":"share-arrowDela unsaveSpara expand-left helsk\u00e4rmAdvokat Alan Jackson meddelade p\u00e5 onsdagen att han drar sig ur fallet. Foto: Damian Dovarganes\/AP\/TT&hellip;\n","protected":false},"author":2,"featured_media":128821,"comment_status":"","ping_status":"","sticky":false,"template":"","format":"standard","meta":{"footnotes":""},"categories":[67],"tags":[104,34,31,33,32,30,105],"class_list":{"0":"post-128820","1":"post","2":"type-post","3":"status-publish","4":"format-standard","5":"has-post-thumbnail","7":"category-underhallning","8":"tag-entertainment","9":"tag-se","10":"tag-svenska","11":"tag-sverige","12":"tag-sweden","13":"tag-swedish","14":"tag-underhallning"},"share_on_mastodon":{"url":"https:\/\/pubeurope.com\/@se\/115855353684078938","error":""},"_links":{"self":[{"href":"https:\/\/www.europesays.com\/se\/wp-json\/wp\/v2\/posts\/128820","targetHints":{"allow":["GET"]}}],"collection":[{"href":"https:\/\/www.europesays.com\/se\/wp-json\/wp\/v2\/posts"}],"about":[{"href":"https:\/\/www.europesays.com\/se\/wp-json\/wp\/v2\/types\/post"}],"author":[{"embeddable":true,"href":"https:\/\/www.europesays.com\/se\/wp-json\/wp\/v2\/users\/2"}],"replies":[{"embeddable":true,"href":"https:\/\/www.europesays.com\/se\/wp-json\/wp\/v2\/comments?post=128820"}],"version-history":[{"count":0,"href":"https:\/\/www.europesays.com\/se\/wp-json\/wp\/v2\/posts\/128820\/revisions"}],"wp:featuredmedia":[{"embeddable":true,"href":"https:\/\/www.europesays.com\/se\/wp-json\/wp\/v2\/media\/128821"}],"wp:attachment":[{"href":"https:\/\/www.europesays.com\/se\/wp-json\/wp\/v2\/media?parent=128820"}],"wp:term":[{"taxonomy":"category","embeddable":true,"href":"https:\/\/www.europesays.com\/se\/wp-json\/wp\/v2\/categories?post=128820"},{"taxonomy":"post_tag","embeddable":true,"href":"https:\/\/www.europesays.com\/se\/wp-json\/wp\/v2\/tags?post=128820"}],"curies":[{"name":"wp","href":"https:\/\/api.w.org\/{rel}","templated":true}]}}